{"id":1029,"date":"2018-09-30T00:05:17","date_gmt":"2018-09-30T00:05:17","guid":{"rendered":"http:\/\/www.lu1ma.org.ar\/?p=1029"},"modified":"2018-09-30T00:05:17","modified_gmt":"2018-09-30T00:05:17","slug":"estado-del-sistema-repetidor-del-cerro-arco","status":"publish","type":"post","link":"https:\/\/www.lu1ma.org.ar\/index.php\/2018\/09\/30\/estado-del-sistema-repetidor-del-cerro-arco\/","title":{"rendered":"Estado del sistema repetidor del Cerro Arco"},"content":{"rendered":"<p>Estimados amigos de la Radioafici\u00f3n Mendocina: Como es de p\u00fablico conocimiento este fin de semana pasado, tras originarse un feroz incendio en el piedemonte men<span class=\"text_exposed_show\">docino, m\u00e1s precisamente en el C\u00ba ARCO lugar especifico y estrat\u00e9gico donde la mayor\u00eda de los sistemas irradiantes de Mendoza se encuentran ubicados, incluso los nuestros, los del CUYO RADIO CLUB LU1MA ; por lo tanto comunicamos, que habiendo podido llegar al lugar de montaje hemos podido constatar , corroborando que la totalidad de los equipos tanto VHF , UHF , fuentes de alimentaci\u00f3n y bater\u00edas como as\u00ed tambi\u00e9n cables de todo tipo, han sido alcanzados por las llamas inutiliz\u00e1ndolos por completo , creo que la situaci\u00f3n nos enfrenta a un nuevo desaf\u00edo y es el de reparar todos los sistemas poni\u00e9ndolos en valor nuevamente. <\/span><\/p>\n<div class=\"text_exposed_show\">\n<p>Resumiendo, hoy nuestro hobby que tanto amamos y el que tan \u00fatil es para la comunidad, necesita de la solidaridad de nuestro pueblo el que tantas veces se nutri\u00f3 de los radioaficionados por m\u00faltiples motivos, hoy necesitamos de la mano del colega que tantos a\u00f1os hizo uso de los repetidores de nuestro radio club , los problemas son graves y dif\u00edciles de costear, la situaci\u00f3n de nuestro pa\u00eds no nos deja bien parado para poder poner el pecho a las balas solos , los invitamos a que con una mano en el coraz\u00f3n nos brinden su colaboraci\u00f3n y podamos entre todos salir de esta situaci\u00f3n.<\/p>\n<p>Atte: HORACIO BOLLATI LU1MHC Pdte. Cuyo RADIO CLUB LU1MA Medios de comunicaci\u00f3n crc.lu1ma@gmail.com <a href=\"http:\/\/www.lu1ma.org.ar\/\" target=\"_blank\" rel=\"noopener nofollow\" data-ft=\"{&quot;tn&quot;:&quot;-U&quot;}\" data-lynx-mode=\"async\" data-lynx-uri=\"https:\/\/l.facebook.com\/l.php?u=http%3A%2F%2Fwww.lu1ma.org.ar%2F&amp;h=AT2sMMRO0CWTethXxMbDqf-zq7iOQoblX59Zvn8KU1ybM4wb92upogdisgxujYr8w0XtQvevRVZ1J7-bI-ogfS6xKyvfbGoTKeRxjWyKx0lVF_IJjRRcMP_1NL10zVCsIehxs5Dnt-Fm_g2Qw6PnF9CZJSARlRjfdN3CEe2dYwvV2mAPQePTsYOH8o8gE9ARAg0PJylFCTFDPAQWHV3yBkV5nuxzmQmebD-b4ZO0Qslo06JvrTdDx4ACbwbQ9vI6gzIefti4_9TV-VUKIB4PpsTFx991YnTXYTDvkeDm6Q8ECCvhgX3g7MEho8DwNqAYIvYh1AU5NO0eHEe1Q9-xPd_rfJZ3_FbXzXYDWNv0BGV4l-Ce-nWiIS5xL97DIumbQ9GIMVcUQDwWPJRB1PLInByV\">www.lu1ma.org.ar<\/a> &#8211; facebook &#8211; lu1ma Domicilio: Pedro Palacios N\u00ba 392 CP 5500 Mendoza Ciudad &#8211; Esq. (Mor\u00f3n y Costanera)<\/p>\n<div id='gallery-1' class='gallery galleryid-1029 gallery-columns-2 gallery-size-thumbnail'><figure class='gallery-item'>\n\t\t\t<div class='gallery-icon portrait'>\n\t\t\t\t<a href='https:\/\/www.lu1ma.org.ar\/index.php\/2018\/09\/30\/estado-del-sistema-repetidor-del-cerro-arco\/whatsapp-image-2018-09-29-at-09-10-30\/'><img loading=\"lazy\" decoding=\"async\" width=\"150\" height=\"150\" src=\"https:\/\/www.lu1ma.org.ar\/wp-content\/uploads\/2018\/09\/WhatsApp-Image-2018-09-29-at-09.10.30-150x150.jpeg\" class=\"attachment-thumbnail size-thumbnail\" alt=\"\" \/><\/a>\n\t\t\t<\/div><\/figure><figure class='gallery-item'>\n\t\t\t<div class='gallery-icon portrait'>\n\t\t\t\t<a href='https:\/\/www.lu1ma.org.ar\/index.php\/2018\/09\/30\/estado-del-sistema-repetidor-del-cerro-arco\/whatsapp-image-2018-09-29-at-10-27-08\/'><img loading=\"lazy\" decoding=\"async\" width=\"150\" height=\"150\" src=\"https:\/\/www.lu1ma.org.ar\/wp-content\/uploads\/2018\/09\/WhatsApp-Image-2018-09-29-at-10.27.08-150x150.jpeg\" class=\"attachment-thumbnail size-thumbnail\" alt=\"\" \/><\/a>\n\t\t\t<\/div><\/figure><figure class='gallery-item'>\n\t\t\t<div class='gallery-icon portrait'>\n\t\t\t\t<a href='https:\/\/www.lu1ma.org.ar\/index.php\/2018\/09\/30\/estado-del-sistema-repetidor-del-cerro-arco\/whatsapp-image-2018-09-29-at-10-29-29\/'><img loading=\"lazy\" decoding=\"async\" width=\"150\" height=\"150\" src=\"https:\/\/www.lu1ma.org.ar\/wp-content\/uploads\/2018\/09\/WhatsApp-Image-2018-09-29-at-10.29.29-150x150.jpeg\" class=\"attachment-thumbnail size-thumbnail\" alt=\"\" \/><\/a>\n\t\t\t<\/div><\/figure><figure class='gallery-item'>\n\t\t\t<div class='gallery-icon portrait'>\n\t\t\t\t<a href='https:\/\/www.lu1ma.org.ar\/index.php\/2018\/09\/30\/estado-del-sistema-repetidor-del-cerro-arco\/whatsapp-image-2018-09-29-at-10-40-35\/'><img loading=\"lazy\" decoding=\"async\" width=\"150\" height=\"150\" src=\"https:\/\/www.lu1ma.org.ar\/wp-content\/uploads\/2018\/09\/WhatsApp-Image-2018-09-29-at-10.40.35-150x150.jpeg\" class=\"attachment-thumbnail size-thumbnail\" alt=\"\" \/><\/a>\n\t\t\t<\/div><\/figure><figure class='gallery-item'>\n\t\t\t<div class='gallery-icon portrait'>\n\t\t\t\t<a href='https:\/\/www.lu1ma.org.ar\/index.php\/2018\/09\/30\/estado-del-sistema-repetidor-del-cerro-arco\/whatsapp-image-2018-09-29-at-10-40-46\/'><img loading=\"lazy\" decoding=\"async\" width=\"150\" height=\"150\" src=\"https:\/\/www.lu1ma.org.ar\/wp-content\/uploads\/2018\/09\/WhatsApp-Image-2018-09-29-at-10.40.46-150x150.jpeg\" class=\"attachment-thumbnail size-thumbnail\" alt=\"\" \/><\/a>\n\t\t\t<\/div><\/figure><figure class='gallery-item'>\n\t\t\t<div class='gallery-icon portrait'>\n\t\t\t\t<a href='https:\/\/www.lu1ma.org.ar\/index.php\/2018\/09\/30\/estado-del-sistema-repetidor-del-cerro-arco\/whatsapp-image-2018-09-29-at-12-43-33\/'><img loading=\"lazy\" decoding=\"async\" width=\"150\" height=\"150\" src=\"https:\/\/www.lu1ma.org.ar\/wp-content\/uploads\/2018\/09\/WhatsApp-Image-2018-09-29-at-12.43.33-150x150.jpeg\" class=\"attachment-thumbnail size-thumbnail\" alt=\"\" \/><\/a>\n\t\t\t<\/div><\/figure><figure class='gallery-item'>\n\t\t\t<div class='gallery-icon portrait'>\n\t\t\t\t<a href='https:\/\/www.lu1ma.org.ar\/index.php\/2018\/09\/30\/estado-del-sistema-repetidor-del-cerro-arco\/whatsapp-image-2018-09-29-at-12-43-35\/'><img loading=\"lazy\" decoding=\"async\" width=\"150\" height=\"150\" src=\"https:\/\/www.lu1ma.org.ar\/wp-content\/uploads\/2018\/09\/WhatsApp-Image-2018-09-29-at-12.43.35-150x150.jpeg\" class=\"attachment-thumbnail size-thumbnail\" alt=\"\" \/><\/a>\n\t\t\t<\/div><\/figure>\n\t\t<\/div>\n\n<\/div>\n","protected":false},"excerpt":{"rendered":"<p>Estimados amigos de la Radioafici\u00f3n Mendocina: Como es de p\u00fablico conocimiento este fin de semana pasado, tras originarse un ferozLeer Mas<\/p>\n","protected":false},"author":1,"featured_media":1030,"comment_status":"closed","ping_status":"closed","sticky":false,"template":"","format":"standard","meta":{"footnotes":""},"categories":[21,8],"tags":[29,30,27,24,26],"class_list":["post-1029","post","type-post","status-publish","format-standard","has-post-thumbnail","hentry","category-banner","category-lu1ma","tag-29","tag-ayuda","tag-cerro-arco","tag-incendio","tag-repetidora"],"_links":{"self":[{"href":"https:\/\/www.lu1ma.org.ar\/index.php\/wp-json\/wp\/v2\/posts\/1029","targetHints":{"allow":["GET"]}}],"collection":[{"href":"https:\/\/www.lu1ma.org.ar\/index.php\/wp-json\/wp\/v2\/posts"}],"about":[{"href":"https:\/\/www.lu1ma.org.ar\/index.php\/wp-json\/wp\/v2\/types\/post"}],"author":[{"embeddable":true,"href":"https:\/\/www.lu1ma.org.ar\/index.php\/wp-json\/wp\/v2\/users\/1"}],"replies":[{"embeddable":true,"href":"https:\/\/www.lu1ma.org.ar\/index.php\/wp-json\/wp\/v2\/comments?post=1029"}],"version-history":[{"count":1,"href":"https:\/\/www.lu1ma.org.ar\/index.php\/wp-json\/wp\/v2\/posts\/1029\/revisions"}],"predecessor-version":[{"id":1040,"href":"https:\/\/www.lu1ma.org.ar\/index.php\/wp-json\/wp\/v2\/posts\/1029\/revisions\/1040"}],"wp:featuredmedia":[{"embeddable":true,"href":"https:\/\/www.lu1ma.org.ar\/index.php\/wp-json\/wp\/v2\/media\/1030"}],"wp:attachment":[{"href":"https:\/\/www.lu1ma.org.ar\/index.php\/wp-json\/wp\/v2\/media?parent=1029"}],"wp:term":[{"taxonomy":"category","embeddable":true,"href":"https:\/\/www.lu1ma.org.ar\/index.php\/wp-json\/wp\/v2\/categories?post=1029"},{"taxonomy":"post_tag","embeddable":true,"href":"https:\/\/www.lu1ma.org.ar\/index.php\/wp-json\/wp\/v2\/tags?post=1029"}],"curies":[{"name":"wp","href":"https:\/\/api.w.org\/{rel}","templated":true}]}}