{"id":1221,"date":"2019-03-02T20:10:37","date_gmt":"2019-03-02T20:10:37","guid":{"rendered":"http:\/\/www.lu1ma.org.ar\/?p=1221"},"modified":"2019-03-02T20:10:38","modified_gmt":"2019-03-02T20:10:38","slug":"lu1ma-apoyando-en-el-aconcagua","status":"publish","type":"post","link":"https:\/\/www.lu1ma.org.ar\/index.php\/2019\/03\/02\/lu1ma-apoyando-en-el-aconcagua\/","title":{"rendered":"LU1MA apoyando en el Aconcagua"},"content":{"rendered":"\n<p>Es nuestro orgullo comunicar que la bandera del LU1MA estuvo ondeando nada menos que en la cima mas alta de Am\u00e9rica. <\/p>\n\n\n\n<figure class=\"wp-block-image\"><img decoding=\"async\" src=\"http:\/\/www.lu1ma.org.ar\/wp-content\/uploads\/2019\/03\/TomAconcagua-1024x683.jpg\" alt=\"Esta imagen tiene un atributo alt vac\u00edo; el nombre del archivo es TomAconcagua-1024x683.jpg\"\/><\/figure>\n\n\n\n<p>La misma fue llevada por el radioaficionado Tomasz Rudzinski SQ9FVE durante la activaci\u00f3n SOTA del Aconcagua. Actividad apoyada desde su comienzo por el Cuyo Radioclub y por sus miembros. Se trat\u00f3 nada menos que de la activaci\u00f3n del cerro mas elevado en la grilla de Cimas en el Aire del acr\u00f3nimo (SOTA) &#8220;Summits On The Air&#8221; operando alrededor del mundo desde el a\u00f1o 2002. <\/p>\n\n\n\n<p>Esta activaci\u00f3n tuvo repercusi\u00f3n mundial y hoy se puede encontrar como noticia en muchos medios internacionales especializados en radioafici\u00f3n, incluso fue difundida por el portal de noticias de la Embajada Argentina en Polonia en ambos idiomas.<\/p>\n\n\n\n<p> Desde el Cuyo Radioclub festejamos y nos alegra de sobremanera que Tomasz haya podido alcanzar la cima del coloso de Am\u00e9rica teniendo en cuenta, a pesar del gran esfuerzo f\u00edsico que el Aconcagua demanda, que habr\u00eda un grupo de gente esperando por su llamado en VHF.<\/p>\n\n\n\n<figure class=\"wp-block-image\"><img decoding=\"async\" src=\"http:\/\/www.lu1ma.org.ar\/wp-content\/uploads\/2019\/03\/Cazadores1-1024x576.jpg\" alt=\"Esta imagen tiene un atributo alt vac\u00edo; el nombre del archivo es Cazadores1-1024x576.jpg\"\/><figcaption>Grupo de miembros del Cuyo Radioclub apostados en Paramillos esperando el llamado de LU\/SQ9FVE<\/figcaption><\/figure>\n\n\n\n<p>Tomasz parti\u00f3 el 3 de Febrero hacia el parque Aconcagua apenas luego de que se pudiera limpiar la ruta de los deslaves provocados por las intensas lluvias de esos d\u00edas. Tomasz  iba preparado con un Yaesu FT-818 una antena de campa\u00f1a plegable con bibinas de carga pero de no grandes dimensiones llamada Buddipole, es una antena para operaci\u00f3n NVIS. Tambi\u00e9n llev\u00f3 una bater\u00eda de litio de 20Ah y un cargador solar de 50W entre otras cosas. Sus equipos eran pesados y Tom decidi\u00f3 que seria mejor dejar solo el VHF para la cima, a lo cual nos llev\u00f3 a buscar el mejor sitio para poder comunicarse en esta banda.<\/p>\n\n\n\n<p>Intentamos comunicarnos con el en los siguientes d\u00edas en la banda de 40m pero no fue posible; el contar\u00eda luego que escuch\u00f3 cuando lo llam\u00e1bamos con un reporte 5\/7, pero con los 5W de su equipo y una antena reducida, fue imposible para la nosotros poder escucharlo. Mantuvimos contacto log\u00edstico a trav\u00e9s de SMS mediante un equipo de telefon\u00eda satelital. De esta forma pudimos coordinar el d\u00eda de intento de cumbre.<\/p>\n\n\n\n<p>El 9 de Febrero habiendo llegado Tom a 6000m tuvieron que descender a Plaza de Mulas debido a los fuertes vientos que reinaban en la zona, el Aconcagua se hacia esperar por una ventana de buen clima para poder llegar a la cima. El 14 de Febrero llegaron al campamento de Nido de C\u00f3ndores donde encontraron las carpas da\u00f1adas por los fuertes vientos, pero por suerte pudieron repararlas y hacer noche a casi 5400msnm. Al d\u00eda siguiente completaron el recorrido y alcanzaron los 6000msnm llegando al campamento C\u00f3lera, la etapa final antes de la cima!<\/p>\n\n\n\n<p>Aqu\u00ed en Mendoza hac\u00edan dos d\u00edas que no ten\u00edamos comunicaci\u00f3n con \u00e9l pero ya sab\u00edamos de que el clima hab\u00eda obligado al grupo a posponer la cima desde el d\u00eda viernes 15 al s\u00e1bado. Mientras tanto el intentaba el \u00faltimo tramo desde C\u00f3lera saliendo a las 4am; algunas hs mas tarde aqu\u00ed en Mendoza est\u00e1bamos saliendo con todos los equipos para estar listos a las 9am en Paramillos en una zona conocida como el Mirador del Aconcagua, a 3100msnm.<\/p>\n\n\n\n<p>Cuando llegamos a nuestro lugar elegido previamente por linea de vista estudiando planos y &#8220;suponiendo&#8221; que ser\u00eda el indicado para comunicarnos con alguien en el Aconcagua, pudimos ver que con el pasar de las Hs la cima se cubr\u00eda de nubes y al no tener se\u00f1ales de Tom en el horario pactado comenzamos a sospechar de que podr\u00eda haber surgido alg\u00fan problema relacionado con eso; mas tarde comprobar\u00edamos que ten\u00edamos raz\u00f3n.<\/p>\n\n\n\n<figure class=\"wp-block-image\"><img decoding=\"async\" src=\"http:\/\/www.lu1ma.org.ar\/wp-content\/uploads\/2019\/03\/Co-Aconcagua-1024x683.jpg\" alt=\"Esta imagen tiene un atributo alt vac\u00edo; el nombre del archivo es Co-Aconcagua-1024x683.jpg\"\/><figcaption>Vista del Aconcagua a las 9am, foto de Mario LU7MBQ<br><\/figcaption><\/figure>\n\n\n\n<p>Finalmente y despu\u00e9s de casi 6hs de espera pudimos comunicarnos con Tom! luego de llamar con apenas algo de aliento por 145.5 MHz LU\/SQ9FVE. Las se\u00f1ales fueron excelentes, 5\/9 a pesar de la falta de aliento debido a la altura y al enorme esfuerzo de Tom por recuperarse despu\u00e9s de casi 11hs de caminata desde los 6000 hasta los 6962msnm!. Apenas unos minutos antes del cierre de cumbre!<\/p>\n\n\n\n<figure class=\"wp-block-image\"><img decoding=\"async\" src=\"http:\/\/www.lu1ma.org.ar\/wp-content\/uploads\/2019\/03\/TomQSO-1024x768.jpeg\" alt=\"Esta imagen tiene un atributo alt vac\u00edo; el nombre del archivo es TomQSO-1024x768.jpeg\"\/><figcaption>LU\/SQ9FVE en el momento que hacia QSO con el equipo de cazadores SOTA del LU1MA<\/figcaption><\/figure>\n\n\n\n<figure class=\"wp-block-image\"><img decoding=\"async\" src=\"http:\/\/www.lu1ma.org.ar\/wp-content\/uploads\/2019\/03\/Distancia-1024x508.png\" alt=\"Esta imagen tiene un atributo alt vac\u00edo; el nombre del archivo es Distancia-1024x508.png\"\/><figcaption>Casi 88km desde la cima a nuestra posici\u00f3n<\/figcaption><\/figure>\n\n\n\n<p>LU1MME (M\u00f3nica), LU1MHC(Horacio), LU7MBQ (Mario), LU2MDF (Daniel) y LU1MAW (Alejandro) se\u00f1ales 5\/9, pero tambi\u00e9n toda la gente del club que fue a apoyar a Tom, a desearle lo mejor para su viaje fueron para \u00e9l motor para continuar en los momentos m\u00e1s dif\u00edciles. Dicho por \u00e9l durante la despedida: &#8220;<strong>He subido monta\u00f1as alrededor del mundo pero nunca sent\u00ed el apoyo que la gente del LU1MA me brind\u00f3, profundamente gracias por haber hecho de este viaje algo mas que subir al Aconcagua<\/strong>&#8221; <\/p>\n\n\n\n<p>Fue para nosotros una inmensa alegr\u00eda haber participado de alguna manera de este logro y saber que Tom lo logr\u00f3 sin correr riesgos en su salud. Esta fu\u00e9 hasta ahora la comunicaci\u00f3n mas alta en la actividad SOTA, pero para nosotros es el orgullo de ver nuestra bandera ah\u00ed haciendo grande a nuestro querido LU1MA<\/p>\n\n\n\n<figure class=\"wp-block-image\"><img decoding=\"async\" src=\"http:\/\/www.lu1ma.org.ar\/wp-content\/uploads\/2019\/03\/DSC02086-1024x682.jpg\" alt=\"Esta imagen tiene un atributo alt vac\u00edo; el nombre del archivo es DSC02086-1024x682.jpg\"\/><figcaption>Tomasz y miembros del LU1MA<\/figcaption><\/figure>\n\n\n\n<p>Aprovechamos para invitar a los radioaficionados a participar de SOTA en cualquiera de sus modalidades, como apoyo de tierra (Cazador) o como activador de las 821 cimas que Mendoza tiene catalogadas para tal fin. <\/p>\n\n\n\n<ul class=\"wp-block-gallery columns-3 is-cropped wp-block-gallery-1 is-layout-flex wp-block-gallery-is-layout-flex\"><li class=\"blocks-gallery-item\"><figure><img loading=\"lazy\" decoding=\"async\" width=\"1024\" height=\"768\" src=\"http:\/\/www.lu1ma.org.ar\/wp-content\/uploads\/2019\/03\/WhatsApp-Image-2019-02-22-at-00.27.10-1024x768.jpeg\" alt=\"\" data-id=\"1219\" data-link=\"http:\/\/www.lu1ma.org.ar\/index.php\/lu1ma-apoyando-en-el-aconcagua\/whatsapp-image-2019-02-22-at-00-27-10\/\" class=\"wp-image-1219\" srcset=\"https:\/\/www.lu1ma.org.ar\/wp-content\/uploads\/2019\/03\/WhatsApp-Image-2019-02-22-at-00.27.10-1024x768.jpeg 1024w, https:\/\/www.lu1ma.org.ar\/wp-content\/uploads\/2019\/03\/WhatsApp-Image-2019-02-22-at-00.27.10-300x225.jpeg 300w, https:\/\/www.lu1ma.org.ar\/wp-content\/uploads\/2019\/03\/WhatsApp-Image-2019-02-22-at-00.27.10-768x576.jpeg 768w, https:\/\/www.lu1ma.org.ar\/wp-content\/uploads\/2019\/03\/WhatsApp-Image-2019-02-22-at-00.27.10.jpeg 1032w\" sizes=\"auto, (max-width: 1024px) 100vw, 1024px\" \/><\/figure><\/li><li class=\"blocks-gallery-item\"><figure><img loading=\"lazy\" decoding=\"async\" width=\"1024\" height=\"768\" src=\"http:\/\/www.lu1ma.org.ar\/wp-content\/uploads\/2019\/03\/WhatsApp-Image-2019-02-22-at-00.27.12-1024x768.jpeg\" alt=\"\" data-id=\"1218\" data-link=\"http:\/\/www.lu1ma.org.ar\/index.php\/lu1ma-apoyando-en-el-aconcagua\/whatsapp-image-2019-02-22-at-00-27-12\/\" class=\"wp-image-1218\" srcset=\"https:\/\/www.lu1ma.org.ar\/wp-content\/uploads\/2019\/03\/WhatsApp-Image-2019-02-22-at-00.27.12-1024x768.jpeg 1024w, https:\/\/www.lu1ma.org.ar\/wp-content\/uploads\/2019\/03\/WhatsApp-Image-2019-02-22-at-00.27.12-300x225.jpeg 300w, https:\/\/www.lu1ma.org.ar\/wp-content\/uploads\/2019\/03\/WhatsApp-Image-2019-02-22-at-00.27.12-768x576.jpeg 768w, https:\/\/www.lu1ma.org.ar\/wp-content\/uploads\/2019\/03\/WhatsApp-Image-2019-02-22-at-00.27.12.jpeg 1032w\" sizes=\"auto, (max-width: 1024px) 100vw, 1024px\" \/><\/figure><\/li><li class=\"blocks-gallery-item\"><figure><img loading=\"lazy\" decoding=\"async\" width=\"1024\" height=\"768\" src=\"http:\/\/www.lu1ma.org.ar\/wp-content\/uploads\/2019\/03\/WhatsApp-Image-2019-02-22-at-00.28.24-1024x768.jpeg\" alt=\"\" data-id=\"1214\" data-link=\"http:\/\/www.lu1ma.org.ar\/index.php\/lu1ma-apoyando-en-el-aconcagua\/whatsapp-image-2019-02-22-at-00-28-24\/\" class=\"wp-image-1214\" srcset=\"https:\/\/www.lu1ma.org.ar\/wp-content\/uploads\/2019\/03\/WhatsApp-Image-2019-02-22-at-00.28.24-1024x768.jpeg 1024w, https:\/\/www.lu1ma.org.ar\/wp-content\/uploads\/2019\/03\/WhatsApp-Image-2019-02-22-at-00.28.24-300x225.jpeg 300w, https:\/\/www.lu1ma.org.ar\/wp-content\/uploads\/2019\/03\/WhatsApp-Image-2019-02-22-at-00.28.24-768x576.jpeg 768w, https:\/\/www.lu1ma.org.ar\/wp-content\/uploads\/2019\/03\/WhatsApp-Image-2019-02-22-at-00.28.24.jpeg 1032w\" sizes=\"auto, (max-width: 1024px) 100vw, 1024px\" \/><\/figure><\/li><li class=\"blocks-gallery-item\"><figure><img loading=\"lazy\" decoding=\"async\" width=\"1024\" height=\"768\" src=\"http:\/\/www.lu1ma.org.ar\/wp-content\/uploads\/2019\/03\/WhatsApp-Image-2019-02-22-at-00.28.25-1024x768.jpeg\" alt=\"\" data-id=\"1213\" data-link=\"http:\/\/www.lu1ma.org.ar\/index.php\/lu1ma-apoyando-en-el-aconcagua\/whatsapp-image-2019-02-22-at-00-28-25\/\" class=\"wp-image-1213\" srcset=\"https:\/\/www.lu1ma.org.ar\/wp-content\/uploads\/2019\/03\/WhatsApp-Image-2019-02-22-at-00.28.25-1024x768.jpeg 1024w, https:\/\/www.lu1ma.org.ar\/wp-content\/uploads\/2019\/03\/WhatsApp-Image-2019-02-22-at-00.28.25-300x225.jpeg 300w, https:\/\/www.lu1ma.org.ar\/wp-content\/uploads\/2019\/03\/WhatsApp-Image-2019-02-22-at-00.28.25-768x576.jpeg 768w, https:\/\/www.lu1ma.org.ar\/wp-content\/uploads\/2019\/03\/WhatsApp-Image-2019-02-22-at-00.28.25.jpeg 1280w\" sizes=\"auto, (max-width: 1024px) 100vw, 1024px\" \/><\/figure><\/li><li class=\"blocks-gallery-item\"><figure><img loading=\"lazy\" decoding=\"async\" width=\"1024\" height=\"768\" src=\"http:\/\/www.lu1ma.org.ar\/wp-content\/uploads\/2019\/03\/WhatsApp-Image-2019-02-22-at-00.27.17-1024x768.jpeg\" alt=\"\" data-id=\"1217\" data-link=\"http:\/\/www.lu1ma.org.ar\/index.php\/lu1ma-apoyando-en-el-aconcagua\/whatsapp-image-2019-02-22-at-00-27-17\/\" class=\"wp-image-1217\" srcset=\"https:\/\/www.lu1ma.org.ar\/wp-content\/uploads\/2019\/03\/WhatsApp-Image-2019-02-22-at-00.27.17-1024x768.jpeg 1024w, https:\/\/www.lu1ma.org.ar\/wp-content\/uploads\/2019\/03\/WhatsApp-Image-2019-02-22-at-00.27.17-300x225.jpeg 300w, https:\/\/www.lu1ma.org.ar\/wp-content\/uploads\/2019\/03\/WhatsApp-Image-2019-02-22-at-00.27.17-768x576.jpeg 768w, https:\/\/www.lu1ma.org.ar\/wp-content\/uploads\/2019\/03\/WhatsApp-Image-2019-02-22-at-00.27.17.jpeg 1032w\" sizes=\"auto, (max-width: 1024px) 100vw, 1024px\" \/><\/figure><\/li><li class=\"blocks-gallery-item\"><figure><img loading=\"lazy\" decoding=\"async\" width=\"1024\" height=\"768\" src=\"http:\/\/www.lu1ma.org.ar\/wp-content\/uploads\/2019\/03\/WhatsApp-Image-2019-02-22-at-00.27.21-1024x768.jpeg\" alt=\"\" data-id=\"1216\" data-link=\"http:\/\/www.lu1ma.org.ar\/index.php\/lu1ma-apoyando-en-el-aconcagua\/whatsapp-image-2019-02-22-at-00-27-21\/\" class=\"wp-image-1216\" srcset=\"https:\/\/www.lu1ma.org.ar\/wp-content\/uploads\/2019\/03\/WhatsApp-Image-2019-02-22-at-00.27.21-1024x768.jpeg 1024w, https:\/\/www.lu1ma.org.ar\/wp-content\/uploads\/2019\/03\/WhatsApp-Image-2019-02-22-at-00.27.21-300x225.jpeg 300w, https:\/\/www.lu1ma.org.ar\/wp-content\/uploads\/2019\/03\/WhatsApp-Image-2019-02-22-at-00.27.21-768x576.jpeg 768w, https:\/\/www.lu1ma.org.ar\/wp-content\/uploads\/2019\/03\/WhatsApp-Image-2019-02-22-at-00.27.21.jpeg 1032w\" sizes=\"auto, (max-width: 1024px) 100vw, 1024px\" \/><\/figure><\/li><li class=\"blocks-gallery-item\"><figure><img loading=\"lazy\" decoding=\"async\" width=\"1024\" height=\"768\" src=\"http:\/\/www.lu1ma.org.ar\/wp-content\/uploads\/2019\/03\/WhatsApp-Image-2019-02-22-at-00.27.40-1024x768.jpeg\" alt=\"\" data-id=\"1215\" data-link=\"http:\/\/www.lu1ma.org.ar\/index.php\/lu1ma-apoyando-en-el-aconcagua\/whatsapp-image-2019-02-22-at-00-27-40\/\" class=\"wp-image-1215\" srcset=\"https:\/\/www.lu1ma.org.ar\/wp-content\/uploads\/2019\/03\/WhatsApp-Image-2019-02-22-at-00.27.40-1024x768.jpeg 1024w, https:\/\/www.lu1ma.org.ar\/wp-content\/uploads\/2019\/03\/WhatsApp-Image-2019-02-22-at-00.27.40-300x225.jpeg 300w, https:\/\/www.lu1ma.org.ar\/wp-content\/uploads\/2019\/03\/WhatsApp-Image-2019-02-22-at-00.27.40-768x576.jpeg 768w, https:\/\/www.lu1ma.org.ar\/wp-content\/uploads\/2019\/03\/WhatsApp-Image-2019-02-22-at-00.27.40.jpeg 1032w\" sizes=\"auto, (max-width: 1024px) 100vw, 1024px\" \/><\/figure><\/li><\/ul>\n","protected":false},"excerpt":{"rendered":"<p>Es nuestro orgullo comunicar que la bandera del LU1MA estuvo ondeando nada menos que en la cima mas alta deLeer Mas<\/p>\n","protected":false},"author":1,"featured_media":1208,"comment_status":"closed","ping_status":"closed","sticky":false,"template":"","format":"standard","meta":{"footnotes":""},"categories":[7,9,21,5],"tags":[70,72,68,63,64,71],"class_list":["post-1221","post","type-post","status-publish","format-standard","has-post-thumbnail","hentry","category-actividades","category-actividades-sociales","category-banner","category-historia","tag-aconcagua","tag-cuyo-radioclub","tag-mendoza","tag-sota","tag-sota-argentina","tag-tomasz-rudzinski"],"_links":{"self":[{"href":"https:\/\/www.lu1ma.org.ar\/index.php\/wp-json\/wp\/v2\/posts\/1221","targetHints":{"allow":["GET"]}}],"collection":[{"href":"https:\/\/www.lu1ma.org.ar\/index.php\/wp-json\/wp\/v2\/posts"}],"about":[{"href":"https:\/\/www.lu1ma.org.ar\/index.php\/wp-json\/wp\/v2\/types\/post"}],"author":[{"embeddable":true,"href":"https:\/\/www.lu1ma.org.ar\/index.php\/wp-json\/wp\/v2\/users\/1"}],"replies":[{"embeddable":true,"href":"https:\/\/www.lu1ma.org.ar\/index.php\/wp-json\/wp\/v2\/comments?post=1221"}],"version-history":[{"count":1,"href":"https:\/\/www.lu1ma.org.ar\/index.php\/wp-json\/wp\/v2\/posts\/1221\/revisions"}],"predecessor-version":[{"id":1225,"href":"https:\/\/www.lu1ma.org.ar\/index.php\/wp-json\/wp\/v2\/posts\/1221\/revisions\/1225"}],"wp:featuredmedia":[{"embeddable":true,"href":"https:\/\/www.lu1ma.org.ar\/index.php\/wp-json\/wp\/v2\/media\/1208"}],"wp:attachment":[{"href":"https:\/\/www.lu1ma.org.ar\/index.php\/wp-json\/wp\/v2\/media?parent=1221"}],"wp:term":[{"taxonomy":"category","embeddable":true,"href":"https:\/\/www.lu1ma.org.ar\/index.php\/wp-json\/wp\/v2\/categories?post=1221"},{"taxonomy":"post_tag","embeddable":true,"href":"https:\/\/www.lu1ma.org.ar\/index.php\/wp-json\/wp\/v2\/tags?post=1221"}],"curies":[{"name":"wp","href":"https:\/\/api.w.org\/{rel}","templated":true}]}}