{"id":1471,"date":"2020-02-01T23:32:00","date_gmt":"2020-02-01T23:32:00","guid":{"rendered":"http:\/\/www.lu1ma.org.ar\/?p=1471"},"modified":"2020-02-08T23:42:46","modified_gmt":"2020-02-08T23:42:46","slug":"visita-de-yo6pib-y-yo6eva","status":"publish","type":"post","link":"https:\/\/www.lu1ma.org.ar\/index.php\/2020\/02\/01\/visita-de-yo6pib-y-yo6eva\/","title":{"rendered":"Visita de YO6PIB y YO6EVA"},"content":{"rendered":"\n<p>Las primeras dos semanas del mes de enero YO6PIB y YO6EVA vinieron desde Rumania para la activaci\u00f3n de monta\u00f1a SOTA, en particular ellos hab\u00edan planeado la activaci\u00f3n del Aconcagua; hasta ahora la mas alta registrada mundialmente en el programa SOTA.<\/p>\n\n\n\n<figure class=\"wp-block-gallery columns-2 is-cropped wp-block-gallery-1 is-layout-flex wp-block-gallery-is-layout-flex\"><ul class=\"blocks-gallery-grid\"><li class=\"blocks-gallery-item\"><figure><img loading=\"lazy\" decoding=\"async\" width=\"1024\" height=\"768\" src=\"http:\/\/www.lu1ma.org.ar\/wp-content\/uploads\/2020\/02\/20200118_235113-1024x768.jpg\" alt=\"\" data-id=\"1478\" data-link=\"http:\/\/www.lu1ma.org.ar\/?attachment_id=1478\" class=\"wp-image-1478\" srcset=\"https:\/\/www.lu1ma.org.ar\/wp-content\/uploads\/2020\/02\/20200118_235113-1024x768.jpg 1024w, https:\/\/www.lu1ma.org.ar\/wp-content\/uploads\/2020\/02\/20200118_235113-300x225.jpg 300w, https:\/\/www.lu1ma.org.ar\/wp-content\/uploads\/2020\/02\/20200118_235113-768x576.jpg 768w, https:\/\/www.lu1ma.org.ar\/wp-content\/uploads\/2020\/02\/20200118_235113-1536x1152.jpg 1536w, https:\/\/www.lu1ma.org.ar\/wp-content\/uploads\/2020\/02\/20200118_235113-2048x1536.jpg 2048w\" sizes=\"auto, (max-width: 1024px) 100vw, 1024px\" \/><\/figure><\/li><li class=\"blocks-gallery-item\"><figure><img loading=\"lazy\" decoding=\"async\" width=\"768\" height=\"1024\" src=\"http:\/\/www.lu1ma.org.ar\/wp-content\/uploads\/2020\/02\/20200118_114451-768x1024.jpg\" alt=\"\" data-id=\"1479\" data-full-url=\"http:\/\/www.lu1ma.org.ar\/wp-content\/uploads\/2020\/02\/20200118_114451-scaled.jpg\" data-link=\"http:\/\/www.lu1ma.org.ar\/?attachment_id=1479\" class=\"wp-image-1479\" srcset=\"https:\/\/www.lu1ma.org.ar\/wp-content\/uploads\/2020\/02\/20200118_114451-768x1024.jpg 768w, https:\/\/www.lu1ma.org.ar\/wp-content\/uploads\/2020\/02\/20200118_114451-225x300.jpg 225w, https:\/\/www.lu1ma.org.ar\/wp-content\/uploads\/2020\/02\/20200118_114451-1152x1536.jpg 1152w, https:\/\/www.lu1ma.org.ar\/wp-content\/uploads\/2020\/02\/20200118_114451-1536x2048.jpg 1536w, https:\/\/www.lu1ma.org.ar\/wp-content\/uploads\/2020\/02\/20200118_114451-scaled.jpg 1920w\" sizes=\"auto, (max-width: 768px) 100vw, 768px\" \/><\/figure><\/li><\/ul><\/figure>\n\n\n\n<figure class=\"wp-block-embed-youtube wp-block-embed is-type-video is-provider-youtube wp-embed-aspect-16-9 wp-has-aspect-ratio\"><div class=\"wp-block-embed__wrapper\">\n <iframe loading=\"lazy\" title=\"Activacion SOTA de LUM\/PC-004\" width=\"840\" height=\"473\" src=\"https:\/\/www.youtube.com\/embed\/mxC0kf5kIGk?feature=oembed\" frameborder=\"0\" allow=\"accelerometer; autoplay; encrypted-media; gyroscope; picture-in-picture\" allowfullscreen><\/iframe>\n<\/div><\/figure>\n\n\n\n<p>YO6PIB Csaba y YO6EVA, lamentablemente no lograron su objetivo y se vieron obligados a abandonar despues de 2 intentos el dia 12 y 13 de enero; sin embargo miembros del LU1MA organizaron una salida para una activaci\u00f3n en la zona de Paramillos y luego un asado de despedida en la sede del Club.<\/p>\n\n\n\n<p><\/p>\n","protected":false},"excerpt":{"rendered":"<p>Las primeras dos semanas del mes de enero YO6PIB y YO6EVA vinieron desde Rumania para la activaci\u00f3n de monta\u00f1a SOTA,Leer Mas<\/p>\n","protected":false},"author":1,"featured_media":1476,"comment_status":"closed","ping_status":"closed","sticky":false,"template":"","format":"standard","meta":{"footnotes":""},"categories":[21,8],"tags":[106,105,32,63,104,103],"class_list":["post-1471","post","type-post","status-publish","format-standard","has-post-thumbnail","hentry","category-banner","category-lu1ma","tag-activacion-de-mmontana","tag-asado","tag-radioclub","tag-sota","tag-yo6eva","tag-yo6pib"],"_links":{"self":[{"href":"https:\/\/www.lu1ma.org.ar\/index.php\/wp-json\/wp\/v2\/posts\/1471","targetHints":{"allow":["GET"]}}],"collection":[{"href":"https:\/\/www.lu1ma.org.ar\/index.php\/wp-json\/wp\/v2\/posts"}],"about":[{"href":"https:\/\/www.lu1ma.org.ar\/index.php\/wp-json\/wp\/v2\/types\/post"}],"author":[{"embeddable":true,"href":"https:\/\/www.lu1ma.org.ar\/index.php\/wp-json\/wp\/v2\/users\/1"}],"replies":[{"embeddable":true,"href":"https:\/\/www.lu1ma.org.ar\/index.php\/wp-json\/wp\/v2\/comments?post=1471"}],"version-history":[{"count":1,"href":"https:\/\/www.lu1ma.org.ar\/index.php\/wp-json\/wp\/v2\/posts\/1471\/revisions"}],"predecessor-version":[{"id":1480,"href":"https:\/\/www.lu1ma.org.ar\/index.php\/wp-json\/wp\/v2\/posts\/1471\/revisions\/1480"}],"wp:featuredmedia":[{"embeddable":true,"href":"https:\/\/www.lu1ma.org.ar\/index.php\/wp-json\/wp\/v2\/media\/1476"}],"wp:attachment":[{"href":"https:\/\/www.lu1ma.org.ar\/index.php\/wp-json\/wp\/v2\/media?parent=1471"}],"wp:term":[{"taxonomy":"category","embeddable":true,"href":"https:\/\/www.lu1ma.org.ar\/index.php\/wp-json\/wp\/v2\/categories?post=1471"},{"taxonomy":"post_tag","embeddable":true,"href":"https:\/\/www.lu1ma.org.ar\/index.php\/wp-json\/wp\/v2\/tags?post=1471"}],"curies":[{"name":"wp","href":"https:\/\/api.w.org\/{rel}","templated":true}]}}