{"id":1522,"date":"2020-04-08T02:46:16","date_gmt":"2020-04-08T02:46:16","guid":{"rendered":"http:\/\/www.lu1ma.org.ar\/?p=1522"},"modified":"2020-04-08T02:46:19","modified_gmt":"2020-04-08T02:46:19","slug":"adios-a-ernesto-buj","status":"publish","type":"post","link":"https:\/\/www.lu1ma.org.ar\/index.php\/2020\/04\/08\/adios-a-ernesto-buj\/","title":{"rendered":"Adi\u00f3s a Ernesto Buj"},"content":{"rendered":"\n<p>Ernesto Manuel Buj, Q.E.P.D. Falleci\u00f3 el 04-04-2020. La comunidad del CUYO RADIO CLUB lamenta profundamente el fallecimiento de su estimad\u00edsimo socio y Gran Presidente, a quien nuestra instituci\u00f3n agradece sinceramente su compromiso y dedicaci\u00f3n. Sin dudas sus esfuerzos y visiones marcaron un camino para nuestro club, muchas gracias y hasta siempre Don Ernesto!<\/p>\n\n\n\n<p class=\"has-large-font-size\">Entrevista a Don Ernesto Buj    <\/p>\n\n\n\n<p class=\"has-normal-font-size\">(Noviembre de 2003)<\/p>\n\n\n\n<p>Hace unos d\u00edas tuvimos la grata visita en la sede del Cuyo Radio Club, a nuestro querido amigo y expresidente Don Ernesto Buj. En una charla amena y mates de por medio, comenz\u00f3 a relatarnos algunas historias y an\u00e9cdotas de nuestra instituci\u00f3n que deseo acercar a los lectores del bolet\u00edn.<\/p>\n\n\n\n<p>\nPara aquellos que no conocen mucho de la historia de nuestro club,\nDon Ernesto fue presidente del Cuyo Radio Club por casi catorce a\u00f1os.\n\u201c<em>Me toc\u00f3 una \u00e9poca dif\u00edcil<\/em>\u201d dice, \u201c<em>no ten\u00edamos\nsede propia y tuvimos que decidir entre tres terrenos que nos donaba\nla provincia: uno estaba en el parque donde funcion\u00f3 la feria de las\nAm\u00e9ricas y luego estuvo la confiter\u00eda Cuba. Otro estaba en\nGuaymall\u00e9n y el tercero donde est\u00e1 actualmente la sede. Aqu\u00ed no se\npod\u00eda llegar en auto<\/em>\u201d comenta Buj, \u201c<em>dej\u00e1bamos los\nveh\u00edculos en la calle Rioja y ten\u00edamos que llegar a pi\u00e9 hasta este\nlugar. No ten\u00edamos certeza del lugar exacto<\/em>\u201d, sonr\u00ede y\ncontin\u00faa \u201c <em>la decisi\u00f3n no fue f\u00e1cil, hubo muchos intercambios\nde opiniones, hasta algunos se enojaron pero yo estaba convencido que\neste era el mejor lugar para todos. Esto va a ser una gran avenida y\nestar\u00e1 cerca de todos lados; tenemos que tener un club al alcance de\ntodos, era lo que yo les dec\u00eda a los miembros de la Comisi\u00f3n\nDirectiva. Finalmente se decidi\u00f3 por este lugar. Ahora empezaba lo\nm\u00e1s dif\u00edcil: comenzar la construcci\u00f3n de la sede propia del Cuyo\nRadio Club. Eran \u00e9pocas de mucha inflaci\u00f3n y hab\u00edamos conseguido\nun subsidio del gobierno para comenzar la construcci\u00f3n de la primera\netapa, por lo que se decidi\u00f3 comprar el material (ladrillos,\ncemento, hierro) y lo llevamos a un galp\u00f3n de mi propiedad en\nCarrodilla hasta que pudimos empezar la construcci\u00f3n. Parte de este\nclub estuvo en mi casa casi tres a\u00f1os\u201d <\/em>comenta. \u201c<em>Aqu\u00ed no\nhab\u00eda agua, yo me ven\u00eda todos los d\u00edas y dejaba a la ma\u00f1ana un\ncami\u00f3n tanque con agua, me volv\u00eda a mis tareas habituales y a la\ntarde lo ven\u00eda a buscar, as\u00ed todos los d\u00edas hasta que se consigui\u00f3\nla conexi\u00f3n del agua. Para la conexi\u00f3n de la cloaca hubo que hacer\nun permiso especial con Irrigaci\u00f3n porque  el ca\u00f1o deb\u00eda pasar\nsobre el zanj\u00f3n ya que el colector madre estaba sobre el otro lado.\nCuando se puso la piedra fundamental le pedimos a Emilio Cugnini,\nLU7MAL, que pose\u00eda una empresa con m\u00e1quinas viales, que limpiara un\npoco el lugar porque esto era un ca\u00f1averal. Invitamos al Intendente\nde la Capital, al Arzobispo y estuvo la banda de la Polic\u00eda de\nMendoza. Hicimos un gran esc\u00e1ndalo\u201d <\/em>confiesa Don Ernesto.\nLuego vino una \u00e9poca en donde hubo que ampliar y  seguir luchando\npara ir terminando las etapas de  nuestra sede, pero eso se lo\ncontaremos en otra oportunidad.<\/p>\n\n\n\n<p>\nNos despedimos de Don Ernesto y queda latente la promesa de volvernos\na juntar para seguir recordando a quienes hicieron posible nuestra\nInstituci\u00f3n.<\/p>\n\n\n\n<p>\nDon Ernesto, como muchos otros, han dejado parte de su vida en pro de\neste Club y es compromiso de todos los socios mantenerlo y mejorarlo\npermanentemente, cumpliendo al menos, con sus deberes de socio. Por\nrespeto a ellos y para que el esfuerzo que realizaron no haya sido en\nvano.<\/p>\n\n\n\n<p>\nOsvaldo Peralta<\/p>\n\n\n\n<p>\nLU3MAM<\/p>\n\n\n\n<figure class=\"wp-block-image size-large\"><img loading=\"lazy\" decoding=\"async\" width=\"1024\" height=\"675\" src=\"http:\/\/www.lu1ma.org.ar\/wp-content\/uploads\/2020\/04\/BujBW-1024x675.jpg\" alt=\"\" class=\"wp-image-1523\" srcset=\"https:\/\/www.lu1ma.org.ar\/wp-content\/uploads\/2020\/04\/BujBW-1024x675.jpg 1024w, https:\/\/www.lu1ma.org.ar\/wp-content\/uploads\/2020\/04\/BujBW-300x198.jpg 300w, https:\/\/www.lu1ma.org.ar\/wp-content\/uploads\/2020\/04\/BujBW-768x506.jpg 768w, https:\/\/www.lu1ma.org.ar\/wp-content\/uploads\/2020\/04\/BujBW-1536x1012.jpg 1536w, https:\/\/www.lu1ma.org.ar\/wp-content\/uploads\/2020\/04\/BujBW-2048x1349.jpg 2048w, https:\/\/www.lu1ma.org.ar\/wp-content\/uploads\/2020\/04\/BujBW-120x80.jpg 120w\" sizes=\"auto, (max-width: 1024px) 100vw, 1024px\" \/><figcaption>Ernesto en la puerta de la sede social<\/figcaption><\/figure>\n\n\n\n<p><\/p>\n","protected":false},"excerpt":{"rendered":"<p>Ernesto Manuel Buj, Q.E.P.D. Falleci\u00f3 el 04-04-2020. La comunidad del CUYO RADIO CLUB lamenta profundamente el fallecimiento de su estimad\u00edsimoLeer Mas<\/p>\n","protected":false},"author":1,"featured_media":1528,"comment_status":"closed","ping_status":"closed","sticky":false,"template":"","format":"standard","meta":{"footnotes":""},"categories":[21,5,8],"tags":[115,116,114,113],"class_list":["post-1522","post","type-post","status-publish","format-standard","has-post-thumbnail","hentry","category-banner","category-historia","category-lu1ma","tag-despedida","tag-entrevista","tag-ernesto-buj","tag-fallecimiento"],"_links":{"self":[{"href":"https:\/\/www.lu1ma.org.ar\/index.php\/wp-json\/wp\/v2\/posts\/1522","targetHints":{"allow":["GET"]}}],"collection":[{"href":"https:\/\/www.lu1ma.org.ar\/index.php\/wp-json\/wp\/v2\/posts"}],"about":[{"href":"https:\/\/www.lu1ma.org.ar\/index.php\/wp-json\/wp\/v2\/types\/post"}],"author":[{"embeddable":true,"href":"https:\/\/www.lu1ma.org.ar\/index.php\/wp-json\/wp\/v2\/users\/1"}],"replies":[{"embeddable":true,"href":"https:\/\/www.lu1ma.org.ar\/index.php\/wp-json\/wp\/v2\/comments?post=1522"}],"version-history":[{"count":1,"href":"https:\/\/www.lu1ma.org.ar\/index.php\/wp-json\/wp\/v2\/posts\/1522\/revisions"}],"predecessor-version":[{"id":1529,"href":"https:\/\/www.lu1ma.org.ar\/index.php\/wp-json\/wp\/v2\/posts\/1522\/revisions\/1529"}],"wp:featuredmedia":[{"embeddable":true,"href":"https:\/\/www.lu1ma.org.ar\/index.php\/wp-json\/wp\/v2\/media\/1528"}],"wp:attachment":[{"href":"https:\/\/www.lu1ma.org.ar\/index.php\/wp-json\/wp\/v2\/media?parent=1522"}],"wp:term":[{"taxonomy":"category","embeddable":true,"href":"https:\/\/www.lu1ma.org.ar\/index.php\/wp-json\/wp\/v2\/categories?post=1522"},{"taxonomy":"post_tag","embeddable":true,"href":"https:\/\/www.lu1ma.org.ar\/index.php\/wp-json\/wp\/v2\/tags?post=1522"}],"curies":[{"name":"wp","href":"https:\/\/api.w.org\/{rel}","templated":true}]}}