{"id":1615,"date":"2020-12-18T23:05:48","date_gmt":"2020-12-18T23:05:48","guid":{"rendered":"http:\/\/www.lu1ma.org.ar\/?p=1615"},"modified":"2020-12-18T23:05:51","modified_gmt":"2020-12-18T23:05:51","slug":"adios-a-francisco-lu1mac","status":"publish","type":"post","link":"https:\/\/www.lu1ma.org.ar\/index.php\/2020\/12\/18\/adios-a-francisco-lu1mac\/","title":{"rendered":"Adi\u00f3s a Francisco LU1MAC"},"content":{"rendered":"\n<p>Con mucho pesar comunicamos el fallecimiento de un gran amigo y ex presidente de la instituci\u00f3n el Sr Francisco Di Santo. Nuestro p\u00e9same a sus familiares y allegados para este doloroso momento.<\/p>\n\n\n\n<div class=\"wp-block-image\"><figure class=\"aligncenter size-large is-resized\"><img loading=\"lazy\" decoding=\"async\" src=\"http:\/\/www.lu1ma.org.ar\/wp-content\/uploads\/2020\/12\/WhatsApp-Image-2020-12-18-at-19.46.30-840x1024.jpeg\" alt=\"\" class=\"wp-image-1617\" width=\"232\" height=\"283\" srcset=\"https:\/\/www.lu1ma.org.ar\/wp-content\/uploads\/2020\/12\/WhatsApp-Image-2020-12-18-at-19.46.30-840x1024.jpeg 840w, https:\/\/www.lu1ma.org.ar\/wp-content\/uploads\/2020\/12\/WhatsApp-Image-2020-12-18-at-19.46.30-246x300.jpeg 246w, https:\/\/www.lu1ma.org.ar\/wp-content\/uploads\/2020\/12\/WhatsApp-Image-2020-12-18-at-19.46.30-768x936.jpeg 768w, https:\/\/www.lu1ma.org.ar\/wp-content\/uploads\/2020\/12\/WhatsApp-Image-2020-12-18-at-19.46.30.jpeg 1050w\" sizes=\"auto, (max-width: 232px) 100vw, 232px\" \/><\/figure><\/div>\n\n\n\n<p>Francisco fue Suboficial Mayor y se desenpe\u00f1\u00f3 como Segundo Maestro de Banda, un gran radioaficionado y un gran Presidente de esta instituci\u00f3n.<\/p>\n\n\n\n<figure class=\"wp-block-image size-large\"><img loading=\"lazy\" decoding=\"async\" width=\"1024\" height=\"727\" src=\"http:\/\/www.lu1ma.org.ar\/wp-content\/uploads\/2020\/12\/WhatsApp-Image-2020-12-18-at-19.45.22-1024x727.jpeg\" alt=\"\" class=\"wp-image-1616\" srcset=\"https:\/\/www.lu1ma.org.ar\/wp-content\/uploads\/2020\/12\/WhatsApp-Image-2020-12-18-at-19.45.22-1024x727.jpeg 1024w, https:\/\/www.lu1ma.org.ar\/wp-content\/uploads\/2020\/12\/WhatsApp-Image-2020-12-18-at-19.45.22-300x213.jpeg 300w, https:\/\/www.lu1ma.org.ar\/wp-content\/uploads\/2020\/12\/WhatsApp-Image-2020-12-18-at-19.45.22-768x545.jpeg 768w, https:\/\/www.lu1ma.org.ar\/wp-content\/uploads\/2020\/12\/WhatsApp-Image-2020-12-18-at-19.45.22.jpeg 1280w\" sizes=\"auto, (max-width: 1024px) 100vw, 1024px\" \/><\/figure>\n\n\n\n<p>Desde nuestro lugar le decimos hasta siempre Francisco!<\/p>\n","protected":false},"excerpt":{"rendered":"<p>Con mucho pesar comunicamos el fallecimiento de un gran amigo y ex presidente de la instituci\u00f3n el Sr Francisco DiLeer Mas<\/p>\n","protected":false},"author":1,"featured_media":1620,"comment_status":"closed","ping_status":"closed","sticky":false,"template":"","format":"standard","meta":{"footnotes":""},"categories":[21,5,8],"tags":[115,113,131,132],"class_list":["post-1615","post","type-post","status-publish","format-standard","has-post-thumbnail","hentry","category-banner","category-historia","category-lu1ma","tag-despedida","tag-fallecimiento","tag-francisco-di-santo","tag-lu1mac"],"_links":{"self":[{"href":"https:\/\/www.lu1ma.org.ar\/index.php\/wp-json\/wp\/v2\/posts\/1615","targetHints":{"allow":["GET"]}}],"collection":[{"href":"https:\/\/www.lu1ma.org.ar\/index.php\/wp-json\/wp\/v2\/posts"}],"about":[{"href":"https:\/\/www.lu1ma.org.ar\/index.php\/wp-json\/wp\/v2\/types\/post"}],"author":[{"embeddable":true,"href":"https:\/\/www.lu1ma.org.ar\/index.php\/wp-json\/wp\/v2\/users\/1"}],"replies":[{"embeddable":true,"href":"https:\/\/www.lu1ma.org.ar\/index.php\/wp-json\/wp\/v2\/comments?post=1615"}],"version-history":[{"count":1,"href":"https:\/\/www.lu1ma.org.ar\/index.php\/wp-json\/wp\/v2\/posts\/1615\/revisions"}],"predecessor-version":[{"id":1621,"href":"https:\/\/www.lu1ma.org.ar\/index.php\/wp-json\/wp\/v2\/posts\/1615\/revisions\/1621"}],"wp:featuredmedia":[{"embeddable":true,"href":"https:\/\/www.lu1ma.org.ar\/index.php\/wp-json\/wp\/v2\/media\/1620"}],"wp:attachment":[{"href":"https:\/\/www.lu1ma.org.ar\/index.php\/wp-json\/wp\/v2\/media?parent=1615"}],"wp:term":[{"taxonomy":"category","embeddable":true,"href":"https:\/\/www.lu1ma.org.ar\/index.php\/wp-json\/wp\/v2\/categories?post=1615"},{"taxonomy":"post_tag","embeddable":true,"href":"https:\/\/www.lu1ma.org.ar\/index.php\/wp-json\/wp\/v2\/tags?post=1615"}],"curies":[{"name":"wp","href":"https:\/\/api.w.org\/{rel}","templated":true}]}}