{"id":1754,"date":"2021-07-12T23:27:49","date_gmt":"2021-07-12T23:27:49","guid":{"rendered":"http:\/\/www.lu1ma.org.ar\/?p=1754"},"modified":"2021-07-12T23:27:52","modified_gmt":"2021-07-12T23:27:52","slug":"adios-a-lu4mbi-mirko-brkljacic","status":"publish","type":"post","link":"https:\/\/www.lu1ma.org.ar\/index.php\/2021\/07\/12\/adios-a-lu4mbi-mirko-brkljacic\/","title":{"rendered":"Adi\u00f3s a LU4MBI Mirko Brkljacic"},"content":{"rendered":"\n<p>Lamentamos la p\u00e9rdida de nuestro gran amigo y colega Mirko Brkljacic, quien el pasado 7 de Julio fallec\u00eda dejando un gran vac\u00edo a quienes lo conocieron y quienes compartieron muchos momentos de radio con \u00e9l.<\/p>\n\n\n\n<figure class=\"wp-block-gallery columns-2 is-cropped wp-block-gallery-1 is-layout-flex wp-block-gallery-is-layout-flex\"><ul class=\"blocks-gallery-grid\"><li class=\"blocks-gallery-item\"><figure><img loading=\"lazy\" decoding=\"async\" width=\"515\" height=\"487\" src=\"http:\/\/www.lu1ma.org.ar\/wp-content\/uploads\/2021\/07\/Mirko1.png\" alt=\"\" data-id=\"1755\" data-full-url=\"http:\/\/www.lu1ma.org.ar\/wp-content\/uploads\/2021\/07\/Mirko1.png\" data-link=\"http:\/\/www.lu1ma.org.ar\/?attachment_id=1755\" class=\"wp-image-1755\" srcset=\"https:\/\/www.lu1ma.org.ar\/wp-content\/uploads\/2021\/07\/Mirko1.png 515w, https:\/\/www.lu1ma.org.ar\/wp-content\/uploads\/2021\/07\/Mirko1-300x284.png 300w\" sizes=\"auto, (max-width: 515px) 100vw, 515px\" \/><\/figure><\/li><li class=\"blocks-gallery-item\"><figure><img loading=\"lazy\" decoding=\"async\" width=\"520\" height=\"402\" src=\"http:\/\/www.lu1ma.org.ar\/wp-content\/uploads\/2021\/07\/Mirko2.png\" alt=\"\" data-id=\"1756\" data-full-url=\"http:\/\/www.lu1ma.org.ar\/wp-content\/uploads\/2021\/07\/Mirko2.png\" data-link=\"http:\/\/www.lu1ma.org.ar\/?attachment_id=1756\" class=\"wp-image-1756\" srcset=\"https:\/\/www.lu1ma.org.ar\/wp-content\/uploads\/2021\/07\/Mirko2.png 520w, https:\/\/www.lu1ma.org.ar\/wp-content\/uploads\/2021\/07\/Mirko2-300x232.png 300w\" sizes=\"auto, (max-width: 520px) 100vw, 520px\" \/><\/figure><\/li><\/ul><figcaption class=\"blocks-gallery-caption\">Mirko LU4MBI<\/figcaption><\/figure>\n\n\n\n<p>Mirko naci\u00f3 en Zagreb y vivi\u00f3 en nuestra provincia por mas de 72 a\u00f1os. Con 95 a\u00f1os de edad, Mirko manifest\u00f3 que siempre estuvo agradecido con la Argentina &#8220;porque fue el primer pa\u00eds que nos abri\u00f3 la puerta despu\u00e9s de la Segunda Guerra Mundial. Me vine con 21 a\u00f1os, tengo todo ac\u00e1, mis hijos, mis nietos y los bisnietos que est\u00e1n en camino&#8221;.<\/p>\n\n\n\n<p>Hoy lo despedimos con el coraz\u00f3n donde siempre tendr\u00e1 su lugar en la gran familia del Cuyo Radio Club.<\/p>\n","protected":false},"excerpt":{"rendered":"<p>Lamentamos la p\u00e9rdida de nuestro gran amigo y colega Mirko Brkljacic, quien el pasado 7 de Julio fallec\u00eda dejando unLeer Mas<\/p>\n","protected":false},"author":1,"featured_media":1760,"comment_status":"closed","ping_status":"closed","sticky":false,"template":"","format":"standard","meta":{"footnotes":""},"categories":[21,8],"tags":[113,145,143,144],"class_list":["post-1754","post","type-post","status-publish","format-standard","has-post-thumbnail","hentry","category-banner","category-lu1ma","tag-fallecimiento","tag-lu4mbi","tag-mirko","tag-sk"],"_links":{"self":[{"href":"https:\/\/www.lu1ma.org.ar\/index.php\/wp-json\/wp\/v2\/posts\/1754","targetHints":{"allow":["GET"]}}],"collection":[{"href":"https:\/\/www.lu1ma.org.ar\/index.php\/wp-json\/wp\/v2\/posts"}],"about":[{"href":"https:\/\/www.lu1ma.org.ar\/index.php\/wp-json\/wp\/v2\/types\/post"}],"author":[{"embeddable":true,"href":"https:\/\/www.lu1ma.org.ar\/index.php\/wp-json\/wp\/v2\/users\/1"}],"replies":[{"embeddable":true,"href":"https:\/\/www.lu1ma.org.ar\/index.php\/wp-json\/wp\/v2\/comments?post=1754"}],"version-history":[{"count":1,"href":"https:\/\/www.lu1ma.org.ar\/index.php\/wp-json\/wp\/v2\/posts\/1754\/revisions"}],"predecessor-version":[{"id":1761,"href":"https:\/\/www.lu1ma.org.ar\/index.php\/wp-json\/wp\/v2\/posts\/1754\/revisions\/1761"}],"wp:featuredmedia":[{"embeddable":true,"href":"https:\/\/www.lu1ma.org.ar\/index.php\/wp-json\/wp\/v2\/media\/1760"}],"wp:attachment":[{"href":"https:\/\/www.lu1ma.org.ar\/index.php\/wp-json\/wp\/v2\/media?parent=1754"}],"wp:term":[{"taxonomy":"category","embeddable":true,"href":"https:\/\/www.lu1ma.org.ar\/index.php\/wp-json\/wp\/v2\/categories?post=1754"},{"taxonomy":"post_tag","embeddable":true,"href":"https:\/\/www.lu1ma.org.ar\/index.php\/wp-json\/wp\/v2\/tags?post=1754"}],"curies":[{"name":"wp","href":"https:\/\/api.w.org\/{rel}","templated":true}]}}