{"id":325,"date":"2016-10-11T06:38:45","date_gmt":"2016-10-11T06:38:45","guid":{"rendered":"http:\/\/www.lu1ma.org.ar\/?p=325"},"modified":"2016-10-23T03:04:27","modified_gmt":"2016-10-23T03:04:27","slug":"cena-conmemorativa-al-dia-del-radio-aficionado-argentino","status":"publish","type":"post","link":"https:\/\/www.lu1ma.org.ar\/index.php\/2016\/10\/11\/cena-conmemorativa-al-dia-del-radio-aficionado-argentino\/","title":{"rendered":"Cena conmemorativa al d\u00eda del Radio Aficionado Argentino"},"content":{"rendered":"<div id='gallery-1' class='gallery galleryid-325 gallery-columns-2 gallery-size-thumbnail'><figure class='gallery-item'>\n\t\t\t<div class='gallery-icon landscape'>\n\t\t\t\t<a href='https:\/\/www.lu1ma.org.ar\/index.php\/2016\/10\/11\/cena-conmemorativa-al-dia-del-radio-aficionado-argentino\/cena1\/'><img loading=\"lazy\" decoding=\"async\" width=\"150\" height=\"150\" src=\"https:\/\/www.lu1ma.org.ar\/wp-content\/uploads\/2016\/10\/cena1-150x150.jpeg\" class=\"attachment-thumbnail size-thumbnail\" alt=\"\" \/><\/a>\n\t\t\t<\/div><\/figure><figure class='gallery-item'>\n\t\t\t<div class='gallery-icon landscape'>\n\t\t\t\t<a href='https:\/\/www.lu1ma.org.ar\/index.php\/2016\/10\/11\/cena-conmemorativa-al-dia-del-radio-aficionado-argentino\/cena2\/'><img loading=\"lazy\" decoding=\"async\" width=\"150\" height=\"150\" src=\"https:\/\/www.lu1ma.org.ar\/wp-content\/uploads\/2016\/10\/cena2-150x150.jpeg\" class=\"attachment-thumbnail size-thumbnail\" alt=\"\" \/><\/a>\n\t\t\t<\/div><\/figure><figure class='gallery-item'>\n\t\t\t<div class='gallery-icon landscape'>\n\t\t\t\t<a href='https:\/\/www.lu1ma.org.ar\/index.php\/2016\/10\/11\/cena-conmemorativa-al-dia-del-radio-aficionado-argentino\/cena3\/'><img loading=\"lazy\" decoding=\"async\" width=\"150\" height=\"150\" src=\"https:\/\/www.lu1ma.org.ar\/wp-content\/uploads\/2016\/10\/cena3-150x150.jpeg\" class=\"attachment-thumbnail size-thumbnail\" alt=\"\" \/><\/a>\n\t\t\t<\/div><\/figure><figure class='gallery-item'>\n\t\t\t<div class='gallery-icon landscape'>\n\t\t\t\t<a href='https:\/\/www.lu1ma.org.ar\/index.php\/2016\/10\/11\/cena-conmemorativa-al-dia-del-radio-aficionado-argentino\/cena4\/'><img loading=\"lazy\" decoding=\"async\" width=\"150\" height=\"150\" src=\"https:\/\/www.lu1ma.org.ar\/wp-content\/uploads\/2016\/10\/cena4-150x150.jpeg\" class=\"attachment-thumbnail size-thumbnail\" alt=\"\" \/><\/a>\n\t\t\t<\/div><\/figure>\n\t\t<\/div>\n\n<p>El viernes 21 de octubre como se hab\u00eda planificado se realiz\u00f3 la cena conmemorativa al d\u00eda del Radio Aficionado Argentino en la sede del Cuyo Radio Club. Como siempre nuestro club festej\u00f3 este d\u00eda tan especial con la asistencia de sus socios a quienes agradecemos su participaci\u00f3n.<\/p>\n<p>Se sirvieron empanadas criollas, asado, ensaladas, vino, gaseosas, soda y postre helado.<\/p>\n<p>Agradecemos tambi\u00e9n la colaboraci\u00f3n de los asistentes para la realizaci\u00f3n del evento, muchas gracias!<\/p>\n<hr \/>\n<div class=\"yj6qo ajU\">\n<div id=\":1xr\" class=\"ajR\" tabindex=\"0\" data-tooltip=\"Mostrar contenido reducido\">\n<div class=\"span10\">\n<h3>D\u00eda del Radioaficionado Argentino<\/h3>\n<p><strong>Por: Hern\u00e1n L\u00f3pez Vernengo (LU3MD)<\/strong><\/p>\n<p>Hace 95 a\u00f1os, un 21 de octubre, fue fundado el Radio Club Argentino, el que pasaba a ser hist\u00f3ricamente el tercer Radio Club del mundo, luego de Inglaterra (Real Society of Great Britain) y de Estados Unidos (American Radio Relay League); por esta raz\u00f3n, se instituye esa fecha como D\u00eda del Radioaficionado Argentino.<\/p>\n<p>Si fue Marconi (1874\/1937) o Nikola Tesla, de nacionalidad rusa (con patentes del invento desde el 2 de julio de 1897) o Alexander Popov, otro cientifico ruso, el inventor de la radio, lo cierto es que en 1943 el Tribunal Supremo de los Estados Unidos dictamin\u00f3 que la patente relativa a la radio era leg\u00edtima propiedad de Tesla, pero no es menos cierto que Marconi es quien primero la comercializa, y popularmente se lo reconoce como el inventor.<\/p>\n<p>Pero aunque hoy con internet podemos comunicarnos con todo el mundo, hay personas que mantienen vivo el hecho de poder hacerlo usando como medio un transmisor, un receptor y una antena, adem\u00e1s de, por supuesto la energ\u00eda el\u00e9ctrica.<\/p>\n<p>Las razones son muchas, me inclino por el hecho cierto que cuando se carece de internet o falta la energ\u00eda el\u00e9ctrica convencional, con una simple bater\u00eda podemos hacer funcionar nuestra estaci\u00f3n y ayudar al pr\u00f3jimo.<\/p>\n<p>los hechos recientes me dan la raz\u00f3n; el hurac\u00e1n que devast\u00f3 Hait\u00ed y muchas islas y parte del continente de Am\u00e9rica del Norte, solo mediante la radio, la misma que usamos en nuestro Hobby, fue el nexo para solicitar ayuda al instante.<\/p>\n<p>En la Argentina, el Radio Club es el nexo entre los radioaficionados, en \u00e9l, adem\u00e1s de la funci\u00f3n social, aprendemos y se imparten los principios de la radio en la ciudad de Mendoza, en su sede de Mor\u00f3n y Costanera y en otras ciudades de la provincia, del pa\u00eds, realizaron y realizan aprendizaje de nuestro hobby muchas personas con t\u00edtulos universitarios de diversas profesiones y muchas otras grandes personas sin mas requisito que querer la radio y valorar su utilidad.<\/p>\n<p>Si tienes como principio fundamental la solidaridad y te gustar\u00eda comunicarte con todo el mundo por este medio, te esperamos y pasar\u00e1s a ser miembro de una comunidad de millones de radioaficionados de todo el mundo, que aun existen, mientras haya propagaci\u00f3n decimos, aun coexistiendo con internet y otros medios electr\u00f3nicos de comunicaci\u00f3n, que no son mas que suced\u00e1neos de los principios de la radio&#8230; pero con tienen el encanto de \u00e9sta.<\/p>\n<\/div>\n<p>&nbsp;<\/p>\n<\/div>\n<\/div>\n","protected":false},"excerpt":{"rendered":"<p>El viernes 21 de octubre como se hab\u00eda planificado se realiz\u00f3 la cena conmemorativa al d\u00eda del Radio Aficionado ArgentinoLeer Mas<\/p>\n","protected":false},"author":1,"featured_media":356,"comment_status":"open","ping_status":"open","sticky":false,"template":"","format":"standard","meta":{"footnotes":""},"categories":[9,21,8,3],"tags":[],"class_list":["post-325","post","type-post","status-publish","format-standard","has-post-thumbnail","hentry","category-actividades-sociales","category-banner","category-lu1ma","category-secretaria"],"_links":{"self":[{"href":"https:\/\/www.lu1ma.org.ar\/index.php\/wp-json\/wp\/v2\/posts\/325","targetHints":{"allow":["GET"]}}],"collection":[{"href":"https:\/\/www.lu1ma.org.ar\/index.php\/wp-json\/wp\/v2\/posts"}],"about":[{"href":"https:\/\/www.lu1ma.org.ar\/index.php\/wp-json\/wp\/v2\/types\/post"}],"author":[{"embeddable":true,"href":"https:\/\/www.lu1ma.org.ar\/index.php\/wp-json\/wp\/v2\/users\/1"}],"replies":[{"embeddable":true,"href":"https:\/\/www.lu1ma.org.ar\/index.php\/wp-json\/wp\/v2\/comments?post=325"}],"version-history":[{"count":4,"href":"https:\/\/www.lu1ma.org.ar\/index.php\/wp-json\/wp\/v2\/posts\/325\/revisions"}],"predecessor-version":[{"id":360,"href":"https:\/\/www.lu1ma.org.ar\/index.php\/wp-json\/wp\/v2\/posts\/325\/revisions\/360"}],"wp:featuredmedia":[{"embeddable":true,"href":"https:\/\/www.lu1ma.org.ar\/index.php\/wp-json\/wp\/v2\/media\/356"}],"wp:attachment":[{"href":"https:\/\/www.lu1ma.org.ar\/index.php\/wp-json\/wp\/v2\/media?parent=325"}],"wp:term":[{"taxonomy":"category","embeddable":true,"href":"https:\/\/www.lu1ma.org.ar\/index.php\/wp-json\/wp\/v2\/categories?post=325"},{"taxonomy":"post_tag","embeddable":true,"href":"https:\/\/www.lu1ma.org.ar\/index.php\/wp-json\/wp\/v2\/tags?post=325"}],"curies":[{"name":"wp","href":"https:\/\/api.w.org\/{rel}","templated":true}]}}