{"id":439,"date":"2017-05-11T14:33:01","date_gmt":"2017-05-11T14:33:01","guid":{"rendered":"http:\/\/www.lu1ma.org.ar\/?p=439"},"modified":"2017-06-07T23:13:38","modified_gmt":"2017-06-07T23:13:38","slug":"convocatoria-de-socios-a-la-asamblea-general-ordinaria","status":"publish","type":"post","link":"https:\/\/www.lu1ma.org.ar\/index.php\/2017\/05\/11\/convocatoria-de-socios-a-la-asamblea-general-ordinaria\/","title":{"rendered":"Convocatoria de socios a la Asamblea General Ordinaria"},"content":{"rendered":"<p><strong>Estimado socio:<\/strong><br \/>\nDando cumplimiento a lo establecido en el cap. IV, art\u00edculo 10 y subsiguientes del Estatuto del Cuyo Radio Club convocamos a Ud. a la Asamblea General Ordinaria, que con el Orden del D\u00eda que se detalla a continuaci\u00f3n, se realizar\u00e1 el S\u00e1bado 20 de mayo de 2017, a las 17:00 hs. en la sede del Club, sito en Pedro B. Palacios 392 de la ciudad de Mendoza:<\/p>\n<p><strong>ORDEN DEL D\u00cdA<\/strong><\/p>\n<ol>\n<li>Designaci\u00f3n de dos socios para firmar el Acta de esta Asamblea.<\/li>\n<li>Elecci\u00f3n de dos socios para integrar la Junta Escrutadora.<\/li>\n<li>Lectura, consideraci\u00f3n y ratificaci\u00f3n del Acta de la Asamblea anterior.<\/li>\n<li>Lectura consideraci\u00f3n de la Memoria y Balance del ejercicio del per\u00edodo comprendido entre el 01\/01\/16 y el 31\/12\/16.<\/li>\n<li>Escrutinio y determinaci\u00f3n de los socios electos para la renovaci\u00f3n parcial de la Comisi\u00f3n Directiva y de la Revisora de Cuentas: Un Presidente (por dos a\u00f1os), Cuatro Vocales Titulares (por dos a\u00f1os), Un Vocal Titular (por un a\u00f1o), Dos Vocales Suplentes (por dos a\u00f1os), Un Revisor de Cuentas Titular (por dos a\u00f1os) y Un Revisor de Cuentas Suplente (por dos a\u00f1os).<\/li>\n<li>Proclamaci\u00f3n de los candidatos electos.<\/li>\n<\/ol>\n<p>Se adjunta a la presente citaci\u00f3n, la <a href=\"http:\/\/www.lu1ma.org.ar\/wp-content\/uploads\/2017\/05\/MEMORIA-EJERCICIO-2016.pdf\">Memoria<\/a> del per\u00edodo comprendido entre<br \/>\nel 01\/01\/2016 y el 31\/12\/2016. Esperando contar con su presencia, aprovechamos para saludarlo cordialmente. por Cuyo Radio Club<\/p>\n<p><strong>Pedro M. Bilbao\u00a0\u00a0\u00a0\u00a0\u00a0\u00a0\u00a0\u00a0\u00a0\u00a0\u00a0\u00a0\u00a0\u00a0\u00a0\u00a0\u00a0\u00a0\u00a0\u00a0\u00a0\u00a0\u00a0\u00a0\u00a0\u00a0\u00a0\u00a0\u00a0\u00a0\u00a0\u00a0\u00a0\u00a0\u00a0\u00a0\u00a0\u00a0\u00a0\u00a0\u00a0\u00a0\u00a0\u00a0\u00a0\u00a0\u00a0\u00a0\u00a0\u00a0\u00a0\u00a0\u00a0\u00a0\u00a0\u00a0\u00a0\u00a0\u00a0\u00a0\u00a0\u00a0\u00a0\u00a0\u00a0\u00a0\u00a0\u00a0\u00a0\u00a0\u00a0\u00a0 Mario E. Dur\u00e1n<\/strong><br \/>\nLU2MPB\u00a0\u00a0\u00a0\u00a0\u00a0\u00a0\u00a0\u00a0\u00a0\u00a0\u00a0\u00a0\u00a0\u00a0\u00a0\u00a0\u00a0\u00a0\u00a0\u00a0\u00a0\u00a0\u00a0\u00a0\u00a0\u00a0\u00a0\u00a0\u00a0\u00a0\u00a0\u00a0\u00a0\u00a0\u00a0\u00a0\u00a0\u00a0\u00a0\u00a0\u00a0\u00a0\u00a0\u00a0\u00a0\u00a0\u00a0\u00a0\u00a0\u00a0\u00a0\u00a0\u00a0\u00a0\u00a0\u00a0\u00a0\u00a0\u00a0\u00a0\u00a0\u00a0\u00a0\u00a0\u00a0\u00a0\u00a0\u00a0\u00a0\u00a0\u00a0\u00a0\u00a0\u00a0\u00a0\u00a0\u00a0\u00a0\u00a0\u00a0\u00a0\u00a0\u00a0\u00a0\u00a0\u00a0 LU1MED<br \/>\nSecretario\u00a0\u00a0\u00a0\u00a0\u00a0\u00a0\u00a0\u00a0\u00a0\u00a0\u00a0\u00a0\u00a0\u00a0\u00a0\u00a0\u00a0\u00a0\u00a0\u00a0\u00a0\u00a0\u00a0\u00a0\u00a0\u00a0\u00a0\u00a0\u00a0\u00a0\u00a0\u00a0\u00a0\u00a0\u00a0\u00a0\u00a0\u00a0\u00a0\u00a0\u00a0\u00a0\u00a0\u00a0\u00a0\u00a0\u00a0\u00a0\u00a0\u00a0\u00a0\u00a0\u00a0\u00a0\u00a0\u00a0\u00a0\u00a0\u00a0\u00a0\u00a0\u00a0\u00a0\u00a0\u00a0\u00a0\u00a0\u00a0\u00a0\u00a0\u00a0\u00a0\u00a0\u00a0\u00a0\u00a0\u00a0\u00a0\u00a0\u00a0\u00a0\u00a0 Presidente<\/p>\n<h2>Adjuntos:<\/h2>\n<p><a href=\"http:\/\/www.lu1ma.org.ar\/wp-content\/uploads\/2017\/05\/Convocatoria-as-ord-2017.pdf\">Convocatoria Asamblea General Ordinaria<\/a><\/p>\n<p><a href=\"http:\/\/www.lu1ma.org.ar\/wp-content\/uploads\/2017\/05\/MEMORIA-EJERCICIO-2016.pdf\">Memoria de Ejercicio 2016<\/a><\/p>\n<p><a href=\"http:\/\/www.lu1ma.org.ar\/wp-content\/uploads\/2017\/05\/Elecciones-Unificaci\u00f3n-Lista-20-5-2017.pdf\">Elecciones Unificaci\u00f3n Lista 2017<\/a><\/p>\n<p>&nbsp;<\/p>\n","protected":false},"excerpt":{"rendered":"<p>Estimado socio: Dando cumplimiento a lo establecido en el cap. IV, art\u00edculo 10 y subsiguientes del Estatuto del Cuyo RadioLeer Mas<\/p>\n","protected":false},"author":1,"featured_media":77,"comment_status":"closed","ping_status":"closed","sticky":false,"template":"","format":"standard","meta":{"footnotes":""},"categories":[9,8,3],"tags":[],"class_list":["post-439","post","type-post","status-publish","format-standard","has-post-thumbnail","hentry","category-actividades-sociales","category-lu1ma","category-secretaria"],"_links":{"self":[{"href":"https:\/\/www.lu1ma.org.ar\/index.php\/wp-json\/wp\/v2\/posts\/439","targetHints":{"allow":["GET"]}}],"collection":[{"href":"https:\/\/www.lu1ma.org.ar\/index.php\/wp-json\/wp\/v2\/posts"}],"about":[{"href":"https:\/\/www.lu1ma.org.ar\/index.php\/wp-json\/wp\/v2\/types\/post"}],"author":[{"embeddable":true,"href":"https:\/\/www.lu1ma.org.ar\/index.php\/wp-json\/wp\/v2\/users\/1"}],"replies":[{"embeddable":true,"href":"https:\/\/www.lu1ma.org.ar\/index.php\/wp-json\/wp\/v2\/comments?post=439"}],"version-history":[{"count":1,"href":"https:\/\/www.lu1ma.org.ar\/index.php\/wp-json\/wp\/v2\/posts\/439\/revisions"}],"predecessor-version":[{"id":443,"href":"https:\/\/www.lu1ma.org.ar\/index.php\/wp-json\/wp\/v2\/posts\/439\/revisions\/443"}],"wp:featuredmedia":[{"embeddable":true,"href":"https:\/\/www.lu1ma.org.ar\/index.php\/wp-json\/wp\/v2\/media\/77"}],"wp:attachment":[{"href":"https:\/\/www.lu1ma.org.ar\/index.php\/wp-json\/wp\/v2\/media?parent=439"}],"wp:term":[{"taxonomy":"category","embeddable":true,"href":"https:\/\/www.lu1ma.org.ar\/index.php\/wp-json\/wp\/v2\/categories?post=439"},{"taxonomy":"post_tag","embeddable":true,"href":"https:\/\/www.lu1ma.org.ar\/index.php\/wp-json\/wp\/v2\/tags?post=439"}],"curies":[{"name":"wp","href":"https:\/\/api.w.org\/{rel}","templated":true}]}}