{"id":811,"date":"2017-11-22T01:59:20","date_gmt":"2017-11-22T01:59:20","guid":{"rendered":"http:\/\/www.lu1ma.org.ar\/?p=811"},"modified":"2017-11-22T20:02:49","modified_gmt":"2017-11-22T20:02:49","slug":"charla-sobre-historia-de-la-radiofonia","status":"publish","type":"post","link":"https:\/\/www.lu1ma.org.ar\/index.php\/2017\/11\/22\/charla-sobre-historia-de-la-radiofonia\/","title":{"rendered":"Charla sobre Historia de la Radiofon\u00eda"},"content":{"rendered":"<p>Estimados Socios y amigos del Cuyo Radio Club LU1MA<\/p>\n<p>En simples palabras, quiero agradecerles en mi nombre y en representaci\u00f3n de la Comisi\u00f3n Directiva del Cuyo Radio Club por habernos acompa\u00f1ado este s\u00e1bado \u00a018 de noviembre pasado, y con motivo de la segunda charla del ciclo 2017 , en la disertaci\u00f3n del \u00a0afamado Historiador y Dxista de nuestra radiofon\u00eda Argentina, el Sr: Daniel Camporini, \u00a0ofreci\u00e9ndonos en su conferencia \u00a0un recorrido por la historia de la \u00a0radio Argentina desde su nacimiento, all\u00e1 por \u00a0el a\u00f1o 1920 con los cuatro locos de la azotea y hasta nuestras fechas actuales .<\/p>\n<p>Dicha reuni\u00f3n se vio engalanada por la visita de celebridades como la de Daniel Ag\u00fcero quien fuese el \u00faltimo timonel del Crucero ARA Gral. Belgrano quien ten\u00eda en sus manos el tim\u00f3n en el momento del hundimiento el 2 de mayo de 1982, tambi\u00e9n nos visito Vicente Morales jefe\u00a0 \u00a0de mantenimiento de la empresa LAPA\u00a0 en el momento que se accidento el BOEING LV-WRZ 737\/200 el 31 de agosto de 1999 en Aeroparque y que tanto dio de hablar a la prensa Nacional y Mundial, dem\u00e1s fuimos visitados por el Escritor y Periodista \u00a0Ariel Torres y su se\u00f1ora esposa Tanya Letayf oriunda de M\u00e9xico, de profesi\u00f3n productora y traductora de lenguas.<\/p>\n<p>Nuevamente agradezco a todos los socios que invirtieron parte de sus tiempos libres en acompa\u00f1arnos en tal evento.<\/p>\n<p>Atte. Horacio Bollati LU1MHC<\/p>\n<p>Pres. Cuyo Radio Club LU1MA<\/p>\n<div id='gallery-1' class='gallery galleryid-811 gallery-columns-2 gallery-size-medium'><figure class='gallery-item'>\n\t\t\t<div class='gallery-icon landscape'>\n\t\t\t\t<a href='https:\/\/www.lu1ma.org.ar\/index.php\/2017\/11\/22\/charla-sobre-historia-de-la-radiofonia\/dsc08843\/'><img loading=\"lazy\" decoding=\"async\" width=\"300\" height=\"225\" src=\"https:\/\/www.lu1ma.org.ar\/wp-content\/uploads\/2017\/11\/DSC08843-300x225.jpg\" class=\"attachment-medium size-medium\" alt=\"\" srcset=\"https:\/\/www.lu1ma.org.ar\/wp-content\/uploads\/2017\/11\/DSC08843-300x225.jpg 300w, https:\/\/www.lu1ma.org.ar\/wp-content\/uploads\/2017\/11\/DSC08843-768x576.jpg 768w, https:\/\/www.lu1ma.org.ar\/wp-content\/uploads\/2017\/11\/DSC08843.jpg 800w\" sizes=\"auto, (max-width: 300px) 100vw, 300px\" \/><\/a>\n\t\t\t<\/div><\/figure><figure class='gallery-item'>\n\t\t\t<div class='gallery-icon landscape'>\n\t\t\t\t<a href='https:\/\/www.lu1ma.org.ar\/index.php\/2017\/11\/22\/charla-sobre-historia-de-la-radiofonia\/dsc08847\/'><img loading=\"lazy\" decoding=\"async\" width=\"300\" height=\"225\" src=\"https:\/\/www.lu1ma.org.ar\/wp-content\/uploads\/2017\/11\/DSC08847-300x225.jpg\" class=\"attachment-medium size-medium\" alt=\"\" srcset=\"https:\/\/www.lu1ma.org.ar\/wp-content\/uploads\/2017\/11\/DSC08847-300x225.jpg 300w, https:\/\/www.lu1ma.org.ar\/wp-content\/uploads\/2017\/11\/DSC08847-768x576.jpg 768w, https:\/\/www.lu1ma.org.ar\/wp-content\/uploads\/2017\/11\/DSC08847.jpg 800w\" sizes=\"auto, (max-width: 300px) 100vw, 300px\" \/><\/a>\n\t\t\t<\/div><\/figure><figure class='gallery-item'>\n\t\t\t<div class='gallery-icon landscape'>\n\t\t\t\t<a href='https:\/\/www.lu1ma.org.ar\/index.php\/2017\/11\/22\/charla-sobre-historia-de-la-radiofonia\/dsc08849\/'><img loading=\"lazy\" decoding=\"async\" width=\"300\" height=\"225\" src=\"https:\/\/www.lu1ma.org.ar\/wp-content\/uploads\/2017\/11\/DSC08849-300x225.jpg\" class=\"attachment-medium size-medium\" alt=\"\" srcset=\"https:\/\/www.lu1ma.org.ar\/wp-content\/uploads\/2017\/11\/DSC08849-300x225.jpg 300w, https:\/\/www.lu1ma.org.ar\/wp-content\/uploads\/2017\/11\/DSC08849-768x576.jpg 768w, https:\/\/www.lu1ma.org.ar\/wp-content\/uploads\/2017\/11\/DSC08849.jpg 800w\" sizes=\"auto, (max-width: 300px) 100vw, 300px\" \/><\/a>\n\t\t\t<\/div><\/figure><figure class='gallery-item'>\n\t\t\t<div class='gallery-icon landscape'>\n\t\t\t\t<a href='https:\/\/www.lu1ma.org.ar\/index.php\/2017\/11\/22\/charla-sobre-historia-de-la-radiofonia\/dsc08851\/'><img loading=\"lazy\" decoding=\"async\" width=\"300\" height=\"225\" src=\"https:\/\/www.lu1ma.org.ar\/wp-content\/uploads\/2017\/11\/DSC08851-300x225.jpg\" class=\"attachment-medium size-medium\" alt=\"\" srcset=\"https:\/\/www.lu1ma.org.ar\/wp-content\/uploads\/2017\/11\/DSC08851-300x225.jpg 300w, https:\/\/www.lu1ma.org.ar\/wp-content\/uploads\/2017\/11\/DSC08851-768x576.jpg 768w, https:\/\/www.lu1ma.org.ar\/wp-content\/uploads\/2017\/11\/DSC08851.jpg 800w\" sizes=\"auto, (max-width: 300px) 100vw, 300px\" \/><\/a>\n\t\t\t<\/div><\/figure><figure class='gallery-item'>\n\t\t\t<div class='gallery-icon landscape'>\n\t\t\t\t<a href='https:\/\/www.lu1ma.org.ar\/index.php\/2017\/11\/22\/charla-sobre-historia-de-la-radiofonia\/dsc08853\/'><img loading=\"lazy\" decoding=\"async\" width=\"300\" height=\"225\" src=\"https:\/\/www.lu1ma.org.ar\/wp-content\/uploads\/2017\/11\/DSC08853-300x225.jpg\" class=\"attachment-medium size-medium\" alt=\"\" srcset=\"https:\/\/www.lu1ma.org.ar\/wp-content\/uploads\/2017\/11\/DSC08853-300x225.jpg 300w, https:\/\/www.lu1ma.org.ar\/wp-content\/uploads\/2017\/11\/DSC08853-768x576.jpg 768w, https:\/\/www.lu1ma.org.ar\/wp-content\/uploads\/2017\/11\/DSC08853.jpg 800w\" sizes=\"auto, (max-width: 300px) 100vw, 300px\" \/><\/a>\n\t\t\t<\/div><\/figure><figure class='gallery-item'>\n\t\t\t<div class='gallery-icon landscape'>\n\t\t\t\t<a href='https:\/\/www.lu1ma.org.ar\/index.php\/2017\/11\/22\/charla-sobre-historia-de-la-radiofonia\/dsc08875\/'><img loading=\"lazy\" decoding=\"async\" width=\"300\" height=\"225\" src=\"https:\/\/www.lu1ma.org.ar\/wp-content\/uploads\/2017\/11\/DSC08875-300x225.jpg\" class=\"attachment-medium size-medium\" alt=\"\" srcset=\"https:\/\/www.lu1ma.org.ar\/wp-content\/uploads\/2017\/11\/DSC08875-300x225.jpg 300w, https:\/\/www.lu1ma.org.ar\/wp-content\/uploads\/2017\/11\/DSC08875-768x576.jpg 768w, https:\/\/www.lu1ma.org.ar\/wp-content\/uploads\/2017\/11\/DSC08875.jpg 800w\" sizes=\"auto, (max-width: 300px) 100vw, 300px\" \/><\/a>\n\t\t\t<\/div><\/figure><figure class='gallery-item'>\n\t\t\t<div class='gallery-icon landscape'>\n\t\t\t\t<a href='https:\/\/www.lu1ma.org.ar\/index.php\/2017\/11\/22\/charla-sobre-historia-de-la-radiofonia\/dsc08878\/'><img loading=\"lazy\" decoding=\"async\" width=\"300\" height=\"225\" src=\"https:\/\/www.lu1ma.org.ar\/wp-content\/uploads\/2017\/11\/DSC08878-300x225.jpg\" class=\"attachment-medium size-medium\" alt=\"\" srcset=\"https:\/\/www.lu1ma.org.ar\/wp-content\/uploads\/2017\/11\/DSC08878-300x225.jpg 300w, https:\/\/www.lu1ma.org.ar\/wp-content\/uploads\/2017\/11\/DSC08878-768x576.jpg 768w, https:\/\/www.lu1ma.org.ar\/wp-content\/uploads\/2017\/11\/DSC08878.jpg 800w\" sizes=\"auto, (max-width: 300px) 100vw, 300px\" \/><\/a>\n\t\t\t<\/div><\/figure><figure class='gallery-item'>\n\t\t\t<div class='gallery-icon landscape'>\n\t\t\t\t<a href='https:\/\/www.lu1ma.org.ar\/index.php\/2017\/11\/22\/charla-sobre-historia-de-la-radiofonia\/dsc08887\/'><img loading=\"lazy\" decoding=\"async\" width=\"300\" height=\"225\" src=\"https:\/\/www.lu1ma.org.ar\/wp-content\/uploads\/2017\/11\/DSC08887-300x225.jpg\" class=\"attachment-medium size-medium\" alt=\"\" srcset=\"https:\/\/www.lu1ma.org.ar\/wp-content\/uploads\/2017\/11\/DSC08887-300x225.jpg 300w, https:\/\/www.lu1ma.org.ar\/wp-content\/uploads\/2017\/11\/DSC08887-768x576.jpg 768w, https:\/\/www.lu1ma.org.ar\/wp-content\/uploads\/2017\/11\/DSC08887.jpg 800w\" sizes=\"auto, (max-width: 300px) 100vw, 300px\" \/><\/a>\n\t\t\t<\/div><\/figure><figure class='gallery-item'>\n\t\t\t<div class='gallery-icon landscape'>\n\t\t\t\t<a href='https:\/\/www.lu1ma.org.ar\/index.php\/2017\/11\/22\/charla-sobre-historia-de-la-radiofonia\/dsc08893\/'><img loading=\"lazy\" decoding=\"async\" width=\"300\" height=\"225\" src=\"https:\/\/www.lu1ma.org.ar\/wp-content\/uploads\/2017\/11\/DSC08893-300x225.jpg\" class=\"attachment-medium size-medium\" alt=\"\" srcset=\"https:\/\/www.lu1ma.org.ar\/wp-content\/uploads\/2017\/11\/DSC08893-300x225.jpg 300w, https:\/\/www.lu1ma.org.ar\/wp-content\/uploads\/2017\/11\/DSC08893-768x576.jpg 768w, https:\/\/www.lu1ma.org.ar\/wp-content\/uploads\/2017\/11\/DSC08893.jpg 800w\" sizes=\"auto, (max-width: 300px) 100vw, 300px\" \/><\/a>\n\t\t\t<\/div><\/figure><figure class='gallery-item'>\n\t\t\t<div class='gallery-icon landscape'>\n\t\t\t\t<a href='https:\/\/www.lu1ma.org.ar\/index.php\/2017\/11\/22\/charla-sobre-historia-de-la-radiofonia\/dsc08922\/'><img loading=\"lazy\" decoding=\"async\" width=\"300\" height=\"225\" src=\"https:\/\/www.lu1ma.org.ar\/wp-content\/uploads\/2017\/11\/DSC08922-300x225.jpg\" class=\"attachment-medium size-medium\" alt=\"\" srcset=\"https:\/\/www.lu1ma.org.ar\/wp-content\/uploads\/2017\/11\/DSC08922-300x225.jpg 300w, https:\/\/www.lu1ma.org.ar\/wp-content\/uploads\/2017\/11\/DSC08922-768x576.jpg 768w, https:\/\/www.lu1ma.org.ar\/wp-content\/uploads\/2017\/11\/DSC08922.jpg 800w\" sizes=\"auto, (max-width: 300px) 100vw, 300px\" \/><\/a>\n\t\t\t<\/div><\/figure><figure class='gallery-item'>\n\t\t\t<div class='gallery-icon landscape'>\n\t\t\t\t<a href='https:\/\/www.lu1ma.org.ar\/index.php\/2017\/11\/22\/charla-sobre-historia-de-la-radiofonia\/dsc08924\/'><img loading=\"lazy\" decoding=\"async\" width=\"300\" height=\"225\" src=\"https:\/\/www.lu1ma.org.ar\/wp-content\/uploads\/2017\/11\/DSC08924-300x225.jpg\" class=\"attachment-medium size-medium\" alt=\"\" srcset=\"https:\/\/www.lu1ma.org.ar\/wp-content\/uploads\/2017\/11\/DSC08924-300x225.jpg 300w, https:\/\/www.lu1ma.org.ar\/wp-content\/uploads\/2017\/11\/DSC08924-768x576.jpg 768w, https:\/\/www.lu1ma.org.ar\/wp-content\/uploads\/2017\/11\/DSC08924.jpg 800w\" sizes=\"auto, (max-width: 300px) 100vw, 300px\" \/><\/a>\n\t\t\t<\/div><\/figure>\n\t\t<\/div>\n\n","protected":false},"excerpt":{"rendered":"<p>Estimados Socios y amigos del Cuyo Radio Club LU1MA En simples palabras, quiero agradecerles en mi nombre y en representaci\u00f3nLeer Mas<\/p>\n","protected":false},"author":1,"featured_media":23,"comment_status":"closed","ping_status":"closed","sticky":false,"template":"","format":"standard","meta":{"footnotes":""},"categories":[9,21,8],"tags":[],"class_list":["post-811","post","type-post","status-publish","format-standard","has-post-thumbnail","hentry","category-actividades-sociales","category-banner","category-lu1ma"],"_links":{"self":[{"href":"https:\/\/www.lu1ma.org.ar\/index.php\/wp-json\/wp\/v2\/posts\/811","targetHints":{"allow":["GET"]}}],"collection":[{"href":"https:\/\/www.lu1ma.org.ar\/index.php\/wp-json\/wp\/v2\/posts"}],"about":[{"href":"https:\/\/www.lu1ma.org.ar\/index.php\/wp-json\/wp\/v2\/types\/post"}],"author":[{"embeddable":true,"href":"https:\/\/www.lu1ma.org.ar\/index.php\/wp-json\/wp\/v2\/users\/1"}],"replies":[{"embeddable":true,"href":"https:\/\/www.lu1ma.org.ar\/index.php\/wp-json\/wp\/v2\/comments?post=811"}],"version-history":[{"count":4,"href":"https:\/\/www.lu1ma.org.ar\/index.php\/wp-json\/wp\/v2\/posts\/811\/revisions"}],"predecessor-version":[{"id":856,"href":"https:\/\/www.lu1ma.org.ar\/index.php\/wp-json\/wp\/v2\/posts\/811\/revisions\/856"}],"wp:featuredmedia":[{"embeddable":true,"href":"https:\/\/www.lu1ma.org.ar\/index.php\/wp-json\/wp\/v2\/media\/23"}],"wp:attachment":[{"href":"https:\/\/www.lu1ma.org.ar\/index.php\/wp-json\/wp\/v2\/media?parent=811"}],"wp:term":[{"taxonomy":"category","embeddable":true,"href":"https:\/\/www.lu1ma.org.ar\/index.php\/wp-json\/wp\/v2\/categories?post=811"},{"taxonomy":"post_tag","embeddable":true,"href":"https:\/\/www.lu1ma.org.ar\/index.php\/wp-json\/wp\/v2\/tags?post=811"}],"curies":[{"name":"wp","href":"https:\/\/api.w.org\/{rel}","templated":true}]}}