{"id":944,"date":"2018-05-17T22:33:46","date_gmt":"2018-05-17T22:33:46","guid":{"rendered":"http:\/\/www.lu1ma.org.ar\/?p=944"},"modified":"2018-05-17T22:33:46","modified_gmt":"2018-05-17T22:33:46","slug":"qsl-en-el-dia-de-la-escarapela-argentina","status":"publish","type":"post","link":"https:\/\/www.lu1ma.org.ar\/index.php\/2018\/05\/17\/qsl-en-el-dia-de-la-escarapela-argentina\/","title":{"rendered":"QSL en el D\u00eda de la Escarapela Argentina"},"content":{"rendered":"<p><strong>D\u00eda, viernes\u00a0 18\u00a0de Mayo\u00a0de\u00a02018<\/strong><\/p>\n<h1><strong>D\u00cdA DE LA ESCARAPELA NACIONAL<br \/>\n<\/strong><\/h1>\n<p><strong>La Escarapela ,junto a la Bandera, el Escudo y el Himno, conforman\u00a0los cuatro\u00a0s\u00edmbolos de la Rep\u00fablica Argentina.<\/strong><\/p>\n<p>&nbsp;<\/p>\n<p>La\u00a0<em>Escarapela<\/em>\u00a0es uno de los s\u00edmbolos nacionales de la Argentina. Esta fecha \u00a0fue instituida por el Consejo Nacional de Educaci\u00f3n, en el a\u00f1o 1935. (Res. 13-5-1935, Expte. 9602-9\u00ba-935).<\/p>\n<p><em>\u201cSea la escarapela nacional\u00a0de las Provincias Unidas del R\u00edo de la Plata,\u00a0de color blanco y azul celeste\u2026\u201d\u00a0\u00a0<\/em><\/p>\n<p><em>Decreto del 18 de febrero de 1812\u00a0\u00a0del poder constituido por el Triunvirato\u00a0(formado por Manuel de Sarratea,\u00a0Juan Jos\u00e9 Paso y Feliciano Antonio Chiclana,\u00a0y Bernardino Rivadavia como secretario).<\/em><\/p>\n<p>El origen de los colores de la escarapela y las razones por las que fueron elegidos para simbolizar a la Patria no pueden establecerse con precisi\u00f3n.<\/p>\n<p>Entre muchas versiones, una afirma que los colores blanco y celeste fueron adoptados por primera vez durante las invasiones inglesas (1806-1807) por los Patricios, el primer cuerpo de milicia urbana del R\u00edo de la Plata y que luego empezaron a popularizarse entre los nativos.<\/p>\n<p>Se dice tambi\u00e9n que la escarapela argentina fue utilizada por primera vez por un grupo de damas de Buenos Aires al presentarse a una entrevista con el entonces coronel Cornelio de Saavedra, jefe del regimiento de Patricios, el 19 de mayo de 1810.<\/p>\n<p>El 13 de febrero de 1812 Manuel Belgrano -mediante una nota- solicit\u00f3 al Triunvirato que se fije el uso de la escarapela nacional.<\/p>\n<p><strong>Por lo tanto se invita a todos los RADIOAFICIONADOS del pa\u00eds LU\/LW y extranjeros a que nos acompa\u00f1en, como as\u00ed tambi\u00e9n a todos los radioescuchas SWL.<\/strong><\/p>\n<p><strong>Las \u00a0Bandas a utilizar ser\u00e1n, 40 mts y 80 mts en modo SSB fon\u00eda.<\/strong><\/p>\n<p><strong>Estimativamente de 18:00 hs a 19:30 hs pm \/ LUT &#8211; 40 mts<\/strong><\/p>\n<p><strong>Y de 19:30 hs \u00a0a 22:00 hs pm\/ LUT &#8211; 80 mts<\/strong><\/p>\n<p><strong>Quienes conecten con las estaciones propuestas y deseen confirmar, deber\u00e1 enviar sobre auto dirigido y estampillado por valor m\u00ednimo, a la siguiente direcci\u00f3n.<\/strong><\/p>\n<p><strong>La estaci\u00f3n cabecera ser\u00e1\u00a0la de nuestro\u00a0\u00a0Cuyo Radio Club LU1MA , como as\u00ed tambi\u00e9n ,\u00a0estaciones autorizadas que en este caso ser\u00e1n, <\/strong><\/p>\n<p><strong>socios del Cuyo Radio Club.<\/strong><\/p>\n<p><strong>Cuyo Radio Club (LU1MA)<\/strong><br \/>\n<strong>C.C: 232<br \/>\nC.P: 5500<br \/>\nMendoza<br \/>\nRep\u00fablica Argentina.<\/strong><\/p>\n","protected":false},"excerpt":{"rendered":"<p>D\u00eda, viernes\u00a0 18\u00a0de Mayo\u00a0de\u00a02018 D\u00cdA DE LA ESCARAPELA NACIONAL La Escarapela ,junto a la Bandera, el Escudo y el Himno,Leer Mas<\/p>\n","protected":false},"author":1,"featured_media":945,"comment_status":"closed","ping_status":"closed","sticky":false,"template":"","format":"standard","meta":{"footnotes":""},"categories":[7,21,16],"tags":[],"class_list":["post-944","post","type-post","status-publish","format-standard","has-post-thumbnail","hentry","category-actividades","category-banner","category-qsl-especial"],"_links":{"self":[{"href":"https:\/\/www.lu1ma.org.ar\/index.php\/wp-json\/wp\/v2\/posts\/944","targetHints":{"allow":["GET"]}}],"collection":[{"href":"https:\/\/www.lu1ma.org.ar\/index.php\/wp-json\/wp\/v2\/posts"}],"about":[{"href":"https:\/\/www.lu1ma.org.ar\/index.php\/wp-json\/wp\/v2\/types\/post"}],"author":[{"embeddable":true,"href":"https:\/\/www.lu1ma.org.ar\/index.php\/wp-json\/wp\/v2\/users\/1"}],"replies":[{"embeddable":true,"href":"https:\/\/www.lu1ma.org.ar\/index.php\/wp-json\/wp\/v2\/comments?post=944"}],"version-history":[{"count":1,"href":"https:\/\/www.lu1ma.org.ar\/index.php\/wp-json\/wp\/v2\/posts\/944\/revisions"}],"predecessor-version":[{"id":946,"href":"https:\/\/www.lu1ma.org.ar\/index.php\/wp-json\/wp\/v2\/posts\/944\/revisions\/946"}],"wp:featuredmedia":[{"embeddable":true,"href":"https:\/\/www.lu1ma.org.ar\/index.php\/wp-json\/wp\/v2\/media\/945"}],"wp:attachment":[{"href":"https:\/\/www.lu1ma.org.ar\/index.php\/wp-json\/wp\/v2\/media?parent=944"}],"wp:term":[{"taxonomy":"category","embeddable":true,"href":"https:\/\/www.lu1ma.org.ar\/index.php\/wp-json\/wp\/v2\/categories?post=944"},{"taxonomy":"post_tag","embeddable":true,"href":"https:\/\/www.lu1ma.org.ar\/index.php\/wp-json\/wp\/v2\/tags?post=944"}],"curies":[{"name":"wp","href":"https:\/\/api.w.org\/{rel}","templated":true}]}}