{"id":947,"date":"2018-06-06T20:49:11","date_gmt":"2018-06-06T20:49:11","guid":{"rendered":"http:\/\/www.lu1ma.org.ar\/?p=947"},"modified":"2018-06-06T21:09:12","modified_gmt":"2018-06-06T21:09:12","slug":"la-radio-en-mendoza","status":"publish","type":"post","link":"https:\/\/www.lu1ma.org.ar\/index.php\/2018\/06\/06\/la-radio-en-mendoza\/","title":{"rendered":"La radio en Mendoza"},"content":{"rendered":"<h3>El Cuyo Radio Club se hizo presente en la presentaci\u00f3n del libro escrito por Leonardo Oliva, quien\u00a0 recorre desde los inicios de la radiofon\u00eda en nuestra provincia hasta 1960.<\/h3>\n<h5>Fuente: <a href=\"https:\/\/losandes.com.ar\/article\/view?slug=presentan-el-libro-la-radio-en-mendoza-un-viaje-al-pasado-de-nuestro-eter\">Diario los Andes<\/a><\/h5>\n<p>\u00bfCu\u00e1l fue la primera emisi\u00f3n radiof\u00f3nica en Mendoza? \u00bfQui\u00e9nes fueron los que salieron al aire por primera vez? Responder estas preguntas hoy quiz\u00e1 no sea tan complicado y las dudas se resuelvan a golpe de Google. Sin embargo, hace dos d\u00e9cadas, cuando el periodista<strong> Leonardo Oliva<\/strong> se decidi\u00f3 a indagar en la historia, no era tan sencillo hallar esos datos.<\/p>\n<p>Dos d\u00e9cadas m\u00e1s tarde, muchas cosas pasaron.<strong> El comunicador complet\u00f3 su investigaci\u00f3n para presentarla como tesis de licenciatura en la Universidad Nacional de Cuyo. Pero sigui\u00f3 tambi\u00e9n el consejo que le dieron, una vez aprobada: \u201cConvert\u00ed esto en un libro\u201d.<\/strong><\/p>\n<div id=\"hybs-mslot-0842009e-2\"><\/div>\n<p>Eso ya es una realidad y se llama <strong>\u201cLa radio en Mendoza. De la galena a los auditorios (1920-1960)\u201d.<\/strong> El libro ser\u00e1 presentado hoy a las 17.30, en el aula magna de la<strong> Facultad de Ciencias Pol\u00edticas y Sociales.<\/strong><\/p>\n<div id=\"hybs-mslot-0842009e-1\"><\/div>\n<div class=\"row peperito general article-box no-margin-sides\">\n<div class=\"col-xs-24 no-padding-sides\">\n<div id=\"eplAdDivBox2\"><\/div>\n<\/div>\n<\/div>\n<p>\u201cLa idea naci\u00f3 hace 20 a\u00f1os, por mi gusto por la historia y por los medios\u201d, rememora Leonardo Oliva, quien es editor de Sociedad en diario <strong>Los Andes<\/strong>. \u201cDeb\u00eda preparar una tesis pero no la quer\u00eda excesivamente acad\u00e9mica. En ese momento me top\u00e9 con el libro de Carlos Ulanovsky \u2018D\u00edas de radio\u2019 y vi que no hab\u00eda nada similar sobre Mendoza\u201d, cuenta.<\/p>\n<div id=\"hybs-mslot-0842009e-0\"><\/div>\n<p>Decidido a explorar, en aquellos finales de siglo, los or\u00edgenes radiales de nuestra provincia, descubri\u00f3 que encontrar la punta del ovillo no era f\u00e1cil.<\/p>\n<p>\u201cDescubr\u00ed que no hab\u00eda nada escrito, excepto un fasc\u00edculo de la revista Primera Fila escrito por Aldo C\u00e9sar Montes de Oca. As\u00ed que me vi obligado a bucear en archivos y hacer entrevistas. Y con eso descubr\u00ed la primera transmisi\u00f3n y pude reconstruir la historia de nuestra radio\u201d.<\/p>\n<div class=\"row peperito general article-box no-margin-sides\">\n<div class=\"col-xs-24 no-padding-sides\">\n<div id=\"eplAdDivBox3\"><\/div>\n<\/div>\n<\/div>\n<p><img decoding=\"async\" src=\"https:\/\/d1bi2srgse3uhl.cloudfront.net\/uploads\/2018\/06\/image5b15ea73e93a3.jpg\" alt=\"\" \/><\/p>\n<p>Como datos curiosos, Oliva comparte uno: \u201cNo es un secreto que la radio Parque fue la primera emisora, pero es curioso que el fundador fue Eduardo Bradley, el mismo que cruz\u00f3 los Andes por primera vez en globo. \u00c9l y abri\u00f3 la radio por encargo de Carlos Washington Lencinas, gobernador de Mendoza en 1900. Con eso se hizo acreedor de dos hitos para nuestra provincia\u201d.<\/p>\n<p>El <strong>periodista de Los Andes<\/strong> (\u201cforjado en prensa gr\u00e1fica\u201d y que no se considera \u201chombre de radio\u201d), cuenta que tras esa radio pionera que dur\u00f3 s\u00f3lo una d\u00e9cada, vinieron otras de mayor vida: \u201cLuego empez\u00f3 la era de LV10 y de Radio Aconcagua. Esta \u00faltima fue iniciada por diario Los Andes originalmente, pero luego termin\u00f3 siendo la actual Radio Nacional\u201d.<\/p>\n<div class=\"row peperito general article-box no-margin-sides\">\n<div class=\"col-xs-24 no-padding-sides\">\n<div id=\"eplAdDivBox4\"><\/div>\n<\/div>\n<\/div>\n<p>Para su libro, <strong>entrevist\u00f3 a varios hacedores, de los que rescata tres figuras que ya no est\u00e1n: Tito Pag\u00e9s, Servando Ju\u00e1rez y Milka Durand. <\/strong>\u201cDe alg\u00fan modo el libro tambi\u00e9n es un homenaje a ellos\u201d, cuenta.<\/p>\n<p>A la hora de pensar en lo que viene, y sabiendo que su libro culmina en 1960, <strong>Oliva reconoce que no trabaja en una segunda parte: <\/strong>\u201cTengo otra prioridad, que es completar los datos de este libro, sumarle fotos. Todo a trav\u00e9s de la p\u00e1gina de Facebook \u2018La radio en Mendoza\u2019, una continuaci\u00f3n del libro\u201d.<\/p>\n<p>El libro puede adquirirse a trav\u00e9s de esa p\u00e1gina o leerse gratuitamente en <strong><a href=\"http:\/\/fcp.uncuyo.edu.ar\/upload\/la-radio-en-mendoza-de-la-galena-a-los-auditorios-1920-1960.pdf\" target=\"_blank\" rel=\"noopener\">http:\/\/fcp.uncuyo.edu.ar\/upload\/la-radio-en-mendoza-de-la-galena-a-los-auditorios-1920-1960.pdf<\/a><\/strong><\/p>\n<div id='gallery-1' class='gallery galleryid-947 gallery-columns-3 gallery-size-thumbnail'><figure class='gallery-item'>\n\t\t\t<div class='gallery-icon landscape'>\n\t\t\t\t<a href='https:\/\/www.lu1ma.org.ar\/index.php\/2018\/06\/06\/la-radio-en-mendoza\/img-20180606-wa0036\/'><img loading=\"lazy\" decoding=\"async\" width=\"150\" height=\"150\" src=\"https:\/\/www.lu1ma.org.ar\/wp-content\/uploads\/2018\/06\/IMG-20180606-WA0036-150x150.jpg\" class=\"attachment-thumbnail size-thumbnail\" alt=\"\" \/><\/a>\n\t\t\t<\/div><\/figure><figure class='gallery-item'>\n\t\t\t<div class='gallery-icon landscape'>\n\t\t\t\t<a href='https:\/\/www.lu1ma.org.ar\/index.php\/2018\/06\/06\/la-radio-en-mendoza\/img-20180606-wa0046\/'><img loading=\"lazy\" decoding=\"async\" width=\"150\" height=\"150\" src=\"https:\/\/www.lu1ma.org.ar\/wp-content\/uploads\/2018\/06\/IMG-20180606-WA0046-150x150.jpg\" class=\"attachment-thumbnail size-thumbnail\" alt=\"\" \/><\/a>\n\t\t\t<\/div><\/figure><figure class='gallery-item'>\n\t\t\t<div class='gallery-icon landscape'>\n\t\t\t\t<a href='https:\/\/www.lu1ma.org.ar\/index.php\/2018\/06\/06\/la-radio-en-mendoza\/img-20180606-wa0047\/'><img loading=\"lazy\" decoding=\"async\" width=\"150\" height=\"150\" src=\"https:\/\/www.lu1ma.org.ar\/wp-content\/uploads\/2018\/06\/IMG-20180606-WA0047-150x150.jpg\" class=\"attachment-thumbnail size-thumbnail\" alt=\"\" \/><\/a>\n\t\t\t<\/div><\/figure><figure class='gallery-item'>\n\t\t\t<div class='gallery-icon landscape'>\n\t\t\t\t<a href='https:\/\/www.lu1ma.org.ar\/index.php\/2018\/06\/06\/la-radio-en-mendoza\/img-20180606-wa0048\/'><img loading=\"lazy\" decoding=\"async\" width=\"150\" height=\"150\" src=\"https:\/\/www.lu1ma.org.ar\/wp-content\/uploads\/2018\/06\/IMG-20180606-WA0048-150x150.jpg\" class=\"attachment-thumbnail size-thumbnail\" alt=\"\" \/><\/a>\n\t\t\t<\/div><\/figure><figure class='gallery-item'>\n\t\t\t<div class='gallery-icon landscape'>\n\t\t\t\t<a href='https:\/\/www.lu1ma.org.ar\/index.php\/2018\/06\/06\/la-radio-en-mendoza\/img-20180606-wa0033\/'><img loading=\"lazy\" decoding=\"async\" width=\"150\" height=\"150\" src=\"https:\/\/www.lu1ma.org.ar\/wp-content\/uploads\/2018\/06\/IMG-20180606-WA0033-150x150.jpg\" class=\"attachment-thumbnail size-thumbnail\" alt=\"\" \/><\/a>\n\t\t\t<\/div><\/figure><figure class='gallery-item'>\n\t\t\t<div class='gallery-icon landscape'>\n\t\t\t\t<a href='https:\/\/www.lu1ma.org.ar\/index.php\/2018\/06\/06\/la-radio-en-mendoza\/img-20180606-wa0037\/'><img loading=\"lazy\" decoding=\"async\" width=\"150\" height=\"150\" src=\"https:\/\/www.lu1ma.org.ar\/wp-content\/uploads\/2018\/06\/IMG-20180606-WA0037-150x150.jpg\" class=\"attachment-thumbnail size-thumbnail\" alt=\"\" \/><\/a>\n\t\t\t<\/div><\/figure><figure class='gallery-item'>\n\t\t\t<div class='gallery-icon landscape'>\n\t\t\t\t<a href='https:\/\/www.lu1ma.org.ar\/index.php\/2018\/06\/06\/la-radio-en-mendoza\/img-20180606-wa0042\/'><img loading=\"lazy\" decoding=\"async\" width=\"150\" height=\"150\" src=\"https:\/\/www.lu1ma.org.ar\/wp-content\/uploads\/2018\/06\/IMG-20180606-WA0042-150x150.jpg\" class=\"attachment-thumbnail size-thumbnail\" alt=\"\" \/><\/a>\n\t\t\t<\/div><\/figure><figure class='gallery-item'>\n\t\t\t<div class='gallery-icon landscape'>\n\t\t\t\t<a href='https:\/\/www.lu1ma.org.ar\/index.php\/2018\/06\/06\/la-radio-en-mendoza\/img-20180606-wa0032\/'><img loading=\"lazy\" decoding=\"async\" width=\"150\" height=\"150\" src=\"https:\/\/www.lu1ma.org.ar\/wp-content\/uploads\/2018\/06\/IMG-20180606-WA0032-150x150.jpg\" class=\"attachment-thumbnail size-thumbnail\" alt=\"\" \/><\/a>\n\t\t\t<\/div><\/figure><figure class='gallery-item'>\n\t\t\t<div class='gallery-icon landscape'>\n\t\t\t\t<a href='https:\/\/www.lu1ma.org.ar\/index.php\/2018\/06\/06\/la-radio-en-mendoza\/img-20180606-wa0044\/'><img loading=\"lazy\" decoding=\"async\" width=\"150\" height=\"150\" src=\"https:\/\/www.lu1ma.org.ar\/wp-content\/uploads\/2018\/06\/IMG-20180606-WA0044-150x150.jpg\" class=\"attachment-thumbnail size-thumbnail\" alt=\"\" \/><\/a>\n\t\t\t<\/div><\/figure><figure class='gallery-item'>\n\t\t\t<div class='gallery-icon landscape'>\n\t\t\t\t<a href='https:\/\/www.lu1ma.org.ar\/index.php\/2018\/06\/06\/la-radio-en-mendoza\/img-20180606-wa0035\/'><img loading=\"lazy\" decoding=\"async\" width=\"150\" height=\"150\" src=\"https:\/\/www.lu1ma.org.ar\/wp-content\/uploads\/2018\/06\/IMG-20180606-WA0035-150x150.jpg\" class=\"attachment-thumbnail size-thumbnail\" alt=\"\" \/><\/a>\n\t\t\t<\/div><\/figure><figure class='gallery-item'>\n\t\t\t<div class='gallery-icon landscape'>\n\t\t\t\t<a href='https:\/\/www.lu1ma.org.ar\/index.php\/2018\/06\/06\/la-radio-en-mendoza\/img-20180606-wa0045\/'><img loading=\"lazy\" decoding=\"async\" width=\"150\" height=\"150\" src=\"https:\/\/www.lu1ma.org.ar\/wp-content\/uploads\/2018\/06\/IMG-20180606-WA0045-150x150.jpg\" class=\"attachment-thumbnail size-thumbnail\" alt=\"\" \/><\/a>\n\t\t\t<\/div><\/figure><figure class='gallery-item'>\n\t\t\t<div class='gallery-icon landscape'>\n\t\t\t\t<a href='https:\/\/www.lu1ma.org.ar\/index.php\/2018\/06\/06\/la-radio-en-mendoza\/img-20180606-wa0038\/'><img loading=\"lazy\" decoding=\"async\" width=\"150\" height=\"150\" src=\"https:\/\/www.lu1ma.org.ar\/wp-content\/uploads\/2018\/06\/IMG-20180606-WA0038-150x150.jpg\" class=\"attachment-thumbnail size-thumbnail\" alt=\"\" \/><\/a>\n\t\t\t<\/div><\/figure><figure class='gallery-item'>\n\t\t\t<div class='gallery-icon portrait'>\n\t\t\t\t<a href='https:\/\/www.lu1ma.org.ar\/index.php\/2018\/06\/06\/la-radio-en-mendoza\/img-20180606-wa0039\/'><img loading=\"lazy\" decoding=\"async\" width=\"150\" height=\"150\" src=\"https:\/\/www.lu1ma.org.ar\/wp-content\/uploads\/2018\/06\/IMG-20180606-WA0039-150x150.jpg\" class=\"attachment-thumbnail size-thumbnail\" alt=\"\" \/><\/a>\n\t\t\t<\/div><\/figure><figure class='gallery-item'>\n\t\t\t<div class='gallery-icon landscape'>\n\t\t\t\t<a href='https:\/\/www.lu1ma.org.ar\/index.php\/2018\/06\/06\/la-radio-en-mendoza\/img-20180606-wa0041\/'><img loading=\"lazy\" decoding=\"async\" width=\"150\" height=\"150\" src=\"https:\/\/www.lu1ma.org.ar\/wp-content\/uploads\/2018\/06\/IMG-20180606-WA0041-150x150.jpg\" class=\"attachment-thumbnail size-thumbnail\" alt=\"\" \/><\/a>\n\t\t\t<\/div><\/figure><figure class='gallery-item'>\n\t\t\t<div class='gallery-icon landscape'>\n\t\t\t\t<a href='https:\/\/www.lu1ma.org.ar\/index.php\/2018\/06\/06\/la-radio-en-mendoza\/img-20180606-wa0034\/'><img loading=\"lazy\" decoding=\"async\" width=\"150\" height=\"150\" src=\"https:\/\/www.lu1ma.org.ar\/wp-content\/uploads\/2018\/06\/IMG-20180606-WA0034-150x150.jpg\" class=\"attachment-thumbnail size-thumbnail\" alt=\"\" \/><\/a>\n\t\t\t<\/div><\/figure><figure class='gallery-item'>\n\t\t\t<div class='gallery-icon landscape'>\n\t\t\t\t<a href='https:\/\/www.lu1ma.org.ar\/index.php\/2018\/06\/06\/la-radio-en-mendoza\/img-20180606-wa0043\/'><img loading=\"lazy\" decoding=\"async\" width=\"150\" height=\"150\" src=\"https:\/\/www.lu1ma.org.ar\/wp-content\/uploads\/2018\/06\/IMG-20180606-WA0043-150x150.jpg\" class=\"attachment-thumbnail size-thumbnail\" alt=\"\" \/><\/a>\n\t\t\t<\/div><\/figure><figure class='gallery-item'>\n\t\t\t<div class='gallery-icon landscape'>\n\t\t\t\t<a href='https:\/\/www.lu1ma.org.ar\/index.php\/2018\/06\/06\/la-radio-en-mendoza\/img-20180606-wa0040\/'><img loading=\"lazy\" decoding=\"async\" width=\"150\" height=\"150\" src=\"https:\/\/www.lu1ma.org.ar\/wp-content\/uploads\/2018\/06\/IMG-20180606-WA0040-150x150.jpg\" class=\"attachment-thumbnail size-thumbnail\" alt=\"\" \/><\/a>\n\t\t\t<\/div><\/figure>\n\t\t<\/div>\n\n","protected":false},"excerpt":{"rendered":"<p>El Cuyo Radio Club se hizo presente en la presentaci\u00f3n del libro escrito por Leonardo Oliva, quien\u00a0 recorre desde losLeer Mas<\/p>\n","protected":false},"author":1,"featured_media":965,"comment_status":"closed","ping_status":"closed","sticky":false,"template":"","format":"standard","meta":{"footnotes":""},"categories":[9,21,5,8],"tags":[],"class_list":["post-947","post","type-post","status-publish","format-standard","has-post-thumbnail","hentry","category-actividades-sociales","category-banner","category-historia","category-lu1ma"],"_links":{"self":[{"href":"https:\/\/www.lu1ma.org.ar\/index.php\/wp-json\/wp\/v2\/posts\/947","targetHints":{"allow":["GET"]}}],"collection":[{"href":"https:\/\/www.lu1ma.org.ar\/index.php\/wp-json\/wp\/v2\/posts"}],"about":[{"href":"https:\/\/www.lu1ma.org.ar\/index.php\/wp-json\/wp\/v2\/types\/post"}],"author":[{"embeddable":true,"href":"https:\/\/www.lu1ma.org.ar\/index.php\/wp-json\/wp\/v2\/users\/1"}],"replies":[{"embeddable":true,"href":"https:\/\/www.lu1ma.org.ar\/index.php\/wp-json\/wp\/v2\/comments?post=947"}],"version-history":[{"count":3,"href":"https:\/\/www.lu1ma.org.ar\/index.php\/wp-json\/wp\/v2\/posts\/947\/revisions"}],"predecessor-version":[{"id":979,"href":"https:\/\/www.lu1ma.org.ar\/index.php\/wp-json\/wp\/v2\/posts\/947\/revisions\/979"}],"wp:featuredmedia":[{"embeddable":true,"href":"https:\/\/www.lu1ma.org.ar\/index.php\/wp-json\/wp\/v2\/media\/965"}],"wp:attachment":[{"href":"https:\/\/www.lu1ma.org.ar\/index.php\/wp-json\/wp\/v2\/media?parent=947"}],"wp:term":[{"taxonomy":"category","embeddable":true,"href":"https:\/\/www.lu1ma.org.ar\/index.php\/wp-json\/wp\/v2\/categories?post=947"},{"taxonomy":"post_tag","embeddable":true,"href":"https:\/\/www.lu1ma.org.ar\/index.php\/wp-json\/wp\/v2\/tags?post=947"}],"curies":[{"name":"wp","href":"https:\/\/api.w.org\/{rel}","templated":true}]}}